{"id":69551,"date":"2016-04-16T09:38:43","date_gmt":"2016-04-16T12:38:43","guid":{"rendered":"http:\/\/notinor.com\/jujuy\/?p=69551"},"modified":"2016-04-16T09:38:43","modified_gmt":"2016-04-16T12:38:43","slug":"ada-galfre-mediante-un-estado-presente-terminaremos-con-la-injusticia-que-representa-la-judicializacion-de-la-pobreza","status":"publish","type":"post","link":"https:\/\/notinor.com\/jujuy\/ada-galfre-mediante-un-estado-presente-terminaremos-con-la-injusticia-que-representa-la-judicializacion-de-la-pobreza\/","title":{"rendered":"Ada Galfr\u00e9: \u201cMediante un estado presente, terminaremos con la injusticia que representa la judicializaci\u00f3n de la pobreza\u201d"},"content":{"rendered":"<p>La Ministra de Desarrollo Humano, Ada Galfr\u00e9, particip\u00f3 junto al Comisionado Municipal de Yala, Santiago Tiz\u00f3n, de la inauguraci\u00f3n de una Oficina de Protecci\u00f3n de Derechos y una Oficina de la Juventud, destacando la importancia de un Estado presente en favor de los derechos de los ni\u00f1os, ni\u00f1as y adolescentes.<\/p>\n<p>\u201cNo puedo ocultar mi alegr\u00eda y mi emoci\u00f3n ante estas inauguraciones, estos espacios dedicados a la comunidad de Yala\u201d dijo la Ministra, quien, como autora de la Ley de Protecci\u00f3n de Ni\u00f1os, Ni\u00f1as y Adolescentes en\u00a0 Jujuy, lleva varios a\u00f1os trabajando para afrontar las problem\u00e1ticas del sector junto al Gobernador Morales, quien vale recordar, es uno de los coautores de la misma Ley a nivel nacional.<\/p>\n<p>\u201cTuvimos que estar durante mucho tiempo en el medio de una batalla entre la Justicia y el Ejecutivo, viendo que ni\u00f1os, ni\u00f1as y adolescentes provenientes de familias de escasos recursos terminan judicializados sin haber cometido un delito, \u00bfo acaso la pobreza es un delito?\u201d, se pregunt\u00f3.<\/p>\n<p>La Ministra explic\u00f3 que la creaci\u00f3n de las Oficinas de Protecci\u00f3n de Derechos que impulsa el Gobierno provincial, apuntan justamente a evitar el ingreso de menores al sistema judicial como producto de la pobreza estructural que sufren las familias a las que pertenecen. \u201cEl problema era que la gente iba a la justicia porque no ten\u00eda a quien recurrir y los ni\u00f1os terminaban bajo la custodia de un Juez, sin haber delinquido y por culpa de un sistema administrativo: eso es vulneraci\u00f3n de derechos\u201d, revel\u00f3.<\/p>\n<p>Sobre este mismo punto, funcionaria remarc\u00f3: \u201cLo que hay que rescatar es el rol de la familia, empoder\u00e1ndola y d\u00e1ndole el rol que corresponde, brind\u00e1ndole herramientas sencillas, claras, viables y confiables para que cada miembro de la familia pueda cumplir el rol que le toca y de esa manera, los ni\u00f1os, ni\u00f1as y adolescentes, encuentren un espacio de contenci\u00f3n, de promoci\u00f3n y de l\u00edmites, que no tienen nada que ver con los golpes, la violencia o la desatenci\u00f3n\u201d.<\/p>\n<p>Respecto a las pol\u00edticas p\u00fablicas que est\u00e1 implementando el Ministerio de Desarrollo Humano, se\u00f1al\u00f3 que las mismas buscan recuperar el rol del Estado, \u201chacerse cargo de la responsabilidad de brindar esas herramientas\u201d porque as\u00ed como las familias son parte del problema, \u201ctambi\u00e9n tienen que ser parte de la soluci\u00f3n\u201d.<\/p>\n<p>\u201cEste Gobierno ha cambiado la metodolog\u00eda de trabajo y en estas oficinas se hace tratamiento, los profesionales est\u00e1n para aplicar su conocimiento, no para asesorar porque esa es la funci\u00f3n de las asociaciones civiles; el Estado tiene que ir por m\u00e1s, fortaleciendo los v\u00ednculos de la familia, acompa\u00f1ando a los ni\u00f1os, ni\u00f1as y adolescentes en situaci\u00f3n de riesgo para que dejen de estarlo y as\u00ed evitar que tenga que actuar un Juez\u201d, permitiendo que sea la misma familia, con el acompa\u00f1amiento adecuado, la que logre superar las problem\u00e1ticas, afirm\u00f3.<\/p>\n<p>\u201cAqu\u00ed se inicia un camino de construcci\u00f3n de ciudadan\u00eda donde los ni\u00f1os, ni\u00f1as, adolescentes y sus familias, van a empezar a entender que los derechos no se proclaman, se ejercen y ese es el trabajo en el marco de la pol\u00edtica p\u00fablica; esto no se improvisa, esto se define y nuestra obligaci\u00f3n es incorporarlo en toda la provincia\u201d.<\/p>\n<p>La Ministra tambi\u00e9n adelant\u00f3 que la Comisi\u00f3n Municipal de Yala contar\u00e1 pr\u00f3ximamente con un Centro de Cuidados Infantiles que permitir\u00e1 que los ni\u00f1os cuyos padres trabajen pero que no cuenten con los recursos para afrontar cuidados particulares, tengan un lugar de contenci\u00f3n, eliminando la situaci\u00f3n de abandono que los peque\u00f1os sufren muchas veces ante la imposibilidad de que un miembro de la familia los acompa\u00f1e durante las horas en las que no concurren a la escuela.<\/p>\n<p>Por su parte, el Comisionado Tiz\u00f3n expres\u00f3 que \u201cesta es una muestra m\u00e1s de las pol\u00edticas de descentralizaci\u00f3n del Gobierno provincial, llevando los servicios al interior, avanzando junto a las comunidades sin importar las distancias\u201d.<\/p>\n<p>El Comisionado explic\u00f3 que \u201cesta nueva Oficina de Protecci\u00f3n de Derechos reemplazar\u00e1 al CAINAF que se encontraba en el barrio Cuyaya de San Salvador de Jujuy y al que se deb\u00edan dirigir los vecinos de Yala, con los costos que eso implicaba para las personas de escasos recursos y en situaci\u00f3n de vulnerabilidad\u201d.<\/p>\n<p>\u201cHoy iniciamos un cambio que estamos seguros repercutir\u00e1 positivamente en la vida de nuestros vecinos\u201d dijo, aclarando que en las oficinas inauguradas no se debe abonar por ning\u00fan servicio ya que los mismos \u201cson absolutamente gratuitos, como deben serlo, porque esa es la obligaci\u00f3n del Estado\u201d concluy\u00f3.<\/p>\n<p>&nbsp;<\/p>\n","protected":false},"excerpt":{"rendered":"<p>La Ministra de Desarrollo Humano, Ada Galfr\u00e9, particip\u00f3 junto al Comisionado Municipal de Yala, Santiago Tiz\u00f3n, de la inauguraci\u00f3n de una Oficina de Protecci\u00f3n de Derechos y una Oficina de la Juventud, destacando la importancia de un Estado presente en favor de los derechos de los ni\u00f1os, ni\u00f1as y adolescentes. \u201cNo puedo ocultar mi alegr\u00eda [&hellip;]<\/p>\n","protected":false},"author":5,"featured_media":69552,"comment_status":"open","ping_status":"open","sticky":false,"template":"","format":"standard","meta":{"_stopmodifiedupdate":false,"_modified_date":"","inline_featured_image":false},"categories":[2],"tags":[],"jetpack_featured_media_url":"https:\/\/notinor.com\/jujuy\/wp-content\/uploads\/2016\/04\/inauguracion-oficina-de-la-juventud_24874.jpg","_links":{"self":[{"href":"https:\/\/notinor.com\/jujuy\/wp-json\/wp\/v2\/posts\/69551"}],"collection":[{"href":"https:\/\/notinor.com\/jujuy\/wp-json\/wp\/v2\/posts"}],"about":[{"href":"https:\/\/notinor.com\/jujuy\/wp-json\/wp\/v2\/types\/post"}],"author":[{"embeddable":true,"href":"https:\/\/notinor.com\/jujuy\/wp-json\/wp\/v2\/users\/5"}],"replies":[{"embeddable":true,"href":"https:\/\/notinor.com\/jujuy\/wp-json\/wp\/v2\/comments?post=69551"}],"version-history":[{"count":1,"href":"https:\/\/notinor.com\/jujuy\/wp-json\/wp\/v2\/posts\/69551\/revisions"}],"predecessor-version":[{"id":69553,"href":"https:\/\/notinor.com\/jujuy\/wp-json\/wp\/v2\/posts\/69551\/revisions\/69553"}],"wp:featuredmedia":[{"embeddable":true,"href":"https:\/\/notinor.com\/jujuy\/wp-json\/wp\/v2\/media\/69552"}],"wp:attachment":[{"href":"https:\/\/notinor.com\/jujuy\/wp-json\/wp\/v2\/media?parent=69551"}],"wp:term":[{"taxonomy":"category","embeddable":true,"href":"https:\/\/notinor.com\/jujuy\/wp-json\/wp\/v2\/categories?post=69551"},{"taxonomy":"post_tag","embeddable":true,"href":"https:\/\/notinor.com\/jujuy\/wp-json\/wp\/v2\/tags?post=69551"}],"curies":[{"name":"wp","href":"https:\/\/api.w.org\/{rel}","templated":true}]}}