{"id":69124,"date":"2016-04-13T02:10:48","date_gmt":"2016-04-13T05:10:48","guid":{"rendered":"http:\/\/notinor.com\/jujuy\/?p=69124"},"modified":"2016-04-13T02:10:48","modified_gmt":"2016-04-13T05:10:48","slug":"uber-finalmente-ya-funciona-en-argentina-pero-como-funciona","status":"publish","type":"post","link":"https:\/\/notinor.com\/jujuy\/uber-finalmente-ya-funciona-en-argentina-pero-como-funciona\/","title":{"rendered":"Uber finalmente ya funciona en Argentina \u00bfPero C\u00f3mo funciona?"},"content":{"rendered":"<p style=\"text-align: justify;\">Dos semanas despu\u00e9s de que Uber saliera a buscar conductores en la ciudad de Buenos Aires, la aplicaci\u00f3n ya comenz\u00f3 a estar operativa para que los usuarios la descarguen y puedan usar el servicio. Pero la llegada ya gener\u00f3 pol\u00e9mica: los taxistas cortaron calles y avenidas porte\u00f1as y el gobierno de la ciudad de Buenos Aires asegur\u00f3 que es ilegal.<\/p>\n<p style=\"text-align: justify;\"><iframe loading=\"lazy\" src=\"https:\/\/www.youtube.com\/embed\/NTn80nAxWcI\" width=\"640\" height=\"360\" frameborder=\"0\" allowfullscreen=\"allowfullscreen\"><\/iframe><\/p>\n<p style=\"text-align: justify;\">\"Las multas (a los conductores) no corresponden porque el servicio que brinda Uber es legal\", asegur\u00f3 Mariano Otero, CEO de la empresa en el pa\u00eds. En di\u00e1logo con InfobaeTV, el responsable local tambi\u00e9n se expres\u00f3 en desacuerdo con el acarreo de veh\u00edculos con gr\u00faas, y confi\u00f3 que se dar\u00e1 asistencia a los conductores que se vean afectados por estas situaciones. \"Si es necesario, iremos a la Justicia\", agreg\u00f3.<\/p>\n<p style=\"text-align: justify;\"><strong>-Uber ya est\u00e1 operativo en la ciudad de Buenos Aires. \u00bfC\u00f3mo fue el primer d\u00eda? \u00bfHubo muchas descargas?<\/strong><\/p>\n<p style=\"text-align: justify;\">-Anunciamos a las 11 de la ma\u00f1ana, lanzamos a las cuatro de la tarde y la respuesta fue muy buena. Estamos viendo gente que realmente necesitaba el servicio y que lo estaba pidiendo, sumado a los conductores que se sumaron a la plataforma. En dos semanas, se sumaron m\u00e1s de 18.000 personas para ser socias.<\/p>\n<p style=\"text-align: justify;\"><strong>-\u00bfPor qu\u00e9 generan tanto rechazo en los taxistas?<\/strong><\/p>\n<p style=\"text-align: justify;\">-Creo que es un tema de desconocimiento, Uber opera en m\u00e1s de 400 ciudades, y en ninguna desaparecieron los taxis. Estamos llegando, es algo nuevo que todav\u00eda el usuario no entiende, y eso hace que se produzcan este tipo de reacciones.<br \/>\n-La ciudad de Buenos Aires dijo que el servicio es ilegal. \u00bfCu\u00e1l es la respuesta de ustedes?<\/p>\n<p style=\"text-align: justify;\">-Uber es legal. Existe una ley, que es el C\u00f3digo Civil y Comercial, y un art\u00edculo dentro de ese c\u00f3digo que es el 1.280 que establece que un prestatario y un prestador pueden establecer un contrato de transporte, y estas dos personas son privadas. Uber incorpora una tecnolog\u00eda que permite que se haga a escala, con un nivel de eficiencia y m\u00e1s f\u00e1cil. Esa es la innovaci\u00f3n tecnol\u00f3gica. Es lo mismo que cuando habl\u00e1s de Netflix o Skype: no tienen una licencia de televisi\u00f3n o telef\u00f3nica en la Ciudad, pero al igual que Uber, son servicios legales porque no est\u00e1n prohibidos.<\/p>\n<p style=\"text-align: justify;\">-La Ciudad va a levantar los autos de Uber con gr\u00faa o aplicar multas importantes si los detectan. \u00bfUber dar\u00e1 asistencia a sus conductores si esto sucede?<\/p>\n<p style=\"text-align: justify;\">-Totalmente. Ellos tienen un n\u00famero de tel\u00e9fono para contactarse con nosotros en caso de emergencia, y ante cualquier eventualidad, estaremos all\u00ed. Si les llevan el auto, se van a contactar con nosotros y los estaremos apoyando.<\/p>\n<p style=\"text-align: justify;\">-\u00bfY en el caso de las multas?<\/p>\n<p style=\"text-align: justify;\">-El apoyo es total. Creemos que esas multas no corresponden porque los conductores de Uber ofrecen un servicio legal al cual est\u00e1n habilitados, pero igualmente los estaremos apoyando, y de ser necesario iremos a la Justicia para responder a las contravenciones.<br \/>\n\u00bfHablaron con otras autoridades m\u00e1s all\u00e1 de las del gobierno de la ciudad? Porque tambi\u00e9n el servicio se ofrecer\u00e1 en los alrededores...<\/p>\n<p style=\"text-align: justify;\">-Todav\u00eda no. Uber piensa d\u00f3nde se mueve la gente, va y viene de la ciudad, va hacia el norte, hacia el este, y eso de limitarla por un tema distrital es un tema del pasado y la tecnolog\u00eda permite superar eso. Pero a\u00fan no hemos tenido otro llamado de las autoridades.<\/p>\n<p style=\"text-align: justify;\">-Otra de las quejas es que los pasajeros no cuentan con seguro. \u00bfEst\u00e1n trabajando en esto?<\/p>\n<p style=\"text-align: justify;\">-Un requisito para ser conductor de Uber es presentar el seguro de responsabilidad civil, que es el que requiere hoy en d\u00eda la ciudad de Buenos Aires para circular. Adem\u00e1s del seguro, atr\u00e1s hay una empresa que responde a sus socios y usuarios ante cualquier eventualidad. Por eso estamos operando en 400 ciudades y tenemos m\u00e1s de un mill\u00f3n de conductores.<\/p>\n<p style=\"text-align: justify;\">-\u00bfY en materia impositiva?<\/p>\n<p style=\"text-align: justify;\">-Es una decisi\u00f3n de los conductores c\u00f3mo deciden registrarse. Cada vez que llega Uber en la ciudad, el servicio de transporte ve un blanqueamiento importante. Obliga a la gente a bancarizar el sistema de pago y cobros, y es informaci\u00f3n que el Gobierno puede utilizar para tener un sistema m\u00e1s controlado. En la ciudad de M\u00e9xico, por ejemplo, se estableci\u00f3 el impuesto Uber; el 1,5% de cada viaje va para el Estado. Es muy bueno para fines recaudatorios y tambi\u00e9n para los que no participaban de la econom\u00eda.<\/p>\n<p style=\"text-align: justify;\">-\u00bfEst\u00e1n dispuestos a hacer algo as\u00ed con el gobierno de la Ciudad?<\/p>\n<p style=\"text-align: justify;\">-Estar\u00edamos m\u00e1s que felices de hablar eso con las autoridades como parte de una normativa que regule el servicio.<br \/>\n-\u00bfPlanean expandir el servicio en 2016 a otras ciudades del pa\u00eds?<br \/>\n-S\u00ed, obviamente que la oportunidad en la Argentina es muy grande. Nos encantar\u00eda estar en varias ciudades, no tenemos planes concretos a\u00fan. Se anot\u00f3 gente de R\u00edo Negro, C\u00f3rdoba y Tucum\u00e1n, en base a eso estamos analizando cu\u00e1les ser\u00e1n nuestras pr\u00f3ximas ciudades.<\/p>\n","protected":false},"excerpt":{"rendered":"<p>Dos semanas despu\u00e9s de que Uber saliera a buscar conductores en la ciudad de Buenos Aires, la aplicaci\u00f3n ya comenz\u00f3 a estar operativa para que los usuarios la descarguen y puedan usar el servicio. Pero la llegada ya gener\u00f3 pol\u00e9mica: los taxistas cortaron calles y avenidas porte\u00f1as y el gobierno de la ciudad de Buenos [&hellip;]<\/p>\n","protected":false},"author":1,"featured_media":69125,"comment_status":"open","ping_status":"open","sticky":false,"template":"","format":"standard","meta":{"_stopmodifiedupdate":false,"_modified_date":"","inline_featured_image":false,"spay_email":"","jetpack_publicize_message":""},"categories":[16],"tags":[],"jetpack_featured_media_url":"https:\/\/notinor.com\/jujuy\/wp-content\/uploads\/2016\/04\/uber1.jpg","jetpack_publicize_connections":[],"_links":{"self":[{"href":"https:\/\/notinor.com\/jujuy\/wp-json\/wp\/v2\/posts\/69124"}],"collection":[{"href":"https:\/\/notinor.com\/jujuy\/wp-json\/wp\/v2\/posts"}],"about":[{"href":"https:\/\/notinor.com\/jujuy\/wp-json\/wp\/v2\/types\/post"}],"author":[{"embeddable":true,"href":"https:\/\/notinor.com\/jujuy\/wp-json\/wp\/v2\/users\/1"}],"replies":[{"embeddable":true,"href":"https:\/\/notinor.com\/jujuy\/wp-json\/wp\/v2\/comments?post=69124"}],"version-history":[{"count":1,"href":"https:\/\/notinor.com\/jujuy\/wp-json\/wp\/v2\/posts\/69124\/revisions"}],"predecessor-version":[{"id":69126,"href":"https:\/\/notinor.com\/jujuy\/wp-json\/wp\/v2\/posts\/69124\/revisions\/69126"}],"wp:featuredmedia":[{"embeddable":true,"href":"https:\/\/notinor.com\/jujuy\/wp-json\/wp\/v2\/media\/69125"}],"wp:attachment":[{"href":"https:\/\/notinor.com\/jujuy\/wp-json\/wp\/v2\/media?parent=69124"}],"wp:term":[{"taxonomy":"category","embeddable":true,"href":"https:\/\/notinor.com\/jujuy\/wp-json\/wp\/v2\/categories?post=69124"},{"taxonomy":"post_tag","embeddable":true,"href":"https:\/\/notinor.com\/jujuy\/wp-json\/wp\/v2\/tags?post=69124"}],"curies":[{"name":"wp","href":"https:\/\/api.w.org\/{rel}","templated":true}]}}