{"id":69118,"date":"2016-04-13T00:40:19","date_gmt":"2016-04-13T03:40:19","guid":{"rendered":"http:\/\/notinor.com\/jujuy\/?p=69118"},"modified":"2016-04-13T00:40:52","modified_gmt":"2016-04-13T03:40:52","slug":"primera-reunion-informativa-con-profesores-asesores","status":"publish","type":"post","link":"https:\/\/notinor.com\/jujuy\/primera-reunion-informativa-con-profesores-asesores\/","title":{"rendered":"Primera reuni\u00f3n informativa con profesores asesores"},"content":{"rendered":"<p>En la sede del Ente Aut\u00e1rquico Permanente de la Fiesta Nacional de los Estudiantes, se llev\u00f3 a cabo la primera reuni\u00f3n informativa entre el \u00c1rea Reinas, integrantes de la Comisi\u00f3n Estudiantil, el presidente del organismo, Marcelo Ponce, y los profesores asesores de los colegios de Capital.<\/p>\n<p>Con la presencia de m\u00e1s de cincuenta docentes designados por los colegios que participan en la 65\u00ba edici\u00f3n de la fiesta, durante el encuentro se hizo entrega del reglamento para las reinas colegiales, as\u00ed tambi\u00e9n se brind\u00f3 detalles sobre el mismo y otras inquietudes que plantearon los profesores.<\/p>\n<p>Junto al reglamento, se distribuy\u00f3 las fichas que deber\u00e1n entregar las soberanas y sus princesas una vez electas, junto con el aval de los tutores y el colegio al cual representar\u00e1n. Las mismas deber\u00e1n cumplir con la agenda establecida por este sector para las candidatas al trono capitalino.<\/p>\n<p>Las reuniones continuar\u00e1n para informar de manera permanente los trabajos de organizaci\u00f3n y log\u00edstica de la Fiesta de los Estudiantes que se desarrollar\u00e1 entre el 15 y el 24 de septiembre de este a\u00f1o.<\/p>\n","protected":false},"excerpt":{"rendered":"<p>En la sede del Ente Aut\u00e1rquico Permanente de la Fiesta Nacional de los Estudiantes, se llev\u00f3 a cabo la primera reuni\u00f3n informativa entre el \u00c1rea Reinas, integrantes de la Comisi\u00f3n Estudiantil, el presidente del organismo, Marcelo Ponce, y los profesores asesores de los colegios de Capital. Con la presencia de m\u00e1s de cincuenta docentes designados [&hellip;]<\/p>\n","protected":false},"author":5,"featured_media":69119,"comment_status":"open","ping_status":"open","sticky":false,"template":"","format":"standard","meta":{"_stopmodifiedupdate":false,"_modified_date":"","inline_featured_image":false,"spay_email":"","jetpack_publicize_message":""},"categories":[13],"tags":[],"jetpack_featured_media_url":"https:\/\/notinor.com\/jujuy\/wp-content\/uploads\/2016\/04\/ente_24734.jpg","jetpack_publicize_connections":[],"_links":{"self":[{"href":"https:\/\/notinor.com\/jujuy\/wp-json\/wp\/v2\/posts\/69118"}],"collection":[{"href":"https:\/\/notinor.com\/jujuy\/wp-json\/wp\/v2\/posts"}],"about":[{"href":"https:\/\/notinor.com\/jujuy\/wp-json\/wp\/v2\/types\/post"}],"author":[{"embeddable":true,"href":"https:\/\/notinor.com\/jujuy\/wp-json\/wp\/v2\/users\/5"}],"replies":[{"embeddable":true,"href":"https:\/\/notinor.com\/jujuy\/wp-json\/wp\/v2\/comments?post=69118"}],"version-history":[{"count":1,"href":"https:\/\/notinor.com\/jujuy\/wp-json\/wp\/v2\/posts\/69118\/revisions"}],"predecessor-version":[{"id":69120,"href":"https:\/\/notinor.com\/jujuy\/wp-json\/wp\/v2\/posts\/69118\/revisions\/69120"}],"wp:featuredmedia":[{"embeddable":true,"href":"https:\/\/notinor.com\/jujuy\/wp-json\/wp\/v2\/media\/69119"}],"wp:attachment":[{"href":"https:\/\/notinor.com\/jujuy\/wp-json\/wp\/v2\/media?parent=69118"}],"wp:term":[{"taxonomy":"category","embeddable":true,"href":"https:\/\/notinor.com\/jujuy\/wp-json\/wp\/v2\/categories?post=69118"},{"taxonomy":"post_tag","embeddable":true,"href":"https:\/\/notinor.com\/jujuy\/wp-json\/wp\/v2\/tags?post=69118"}],"curies":[{"name":"wp","href":"https:\/\/api.w.org\/{rel}","templated":true}]}}