{"id":6804,"date":"2014-12-01T11:20:53","date_gmt":"2014-12-01T11:20:53","guid":{"rendered":"http:\/\/notinor.com\/jujuy\/?p=6804"},"modified":"2014-12-01T11:20:53","modified_gmt":"2014-12-01T11:20:53","slug":"machaca-anagua-felix-q-e-p-d","status":"publish","type":"post","link":"https:\/\/notinor.com\/jujuy\/machaca-anagua-felix-q-e-p-d\/","title":{"rendered":"MACHACA ANAGUA, F\u00e9lix (Q.E.P.D.)"},"content":{"rendered":"<p>Falleci\u00f3 el d\u00eda 30 de noviembre de 2014 a hs. 08:10. .C.A.S.R. y B.P. a la edad de 73 a\u00f1os. Su esposa Ester Julia; sus hijos Marina, Viviana, Dar\u00edo, Cristian, Marta, Mar\u00eda, Gabriel, Sonia, Rub\u00e9n, Daniela Machaca; sus nietos y dem\u00e1s familiares comunican a sus amistades y persona piadosas que sus restos mortales ser\u00e1n inhumados hoy 01 de Diciembre a hs. 10:00 en el cementerio Parque El Jard\u00edn del Castillo. Ruegan elevar una oraci\u00f3n en su memoria. Casa de duelo empresa Servicio sociales Futuro srl, sala 3. Ram\u00edrez de Velazco 137, Jujuy. Tel 0388-4240090-4232086.<\/p>\n","protected":false},"excerpt":{"rendered":"<p>Falleci\u00f3 el d\u00eda 30 de noviembre de 2014 a hs. 08:10. .C.A.S.R. y B.P. a la edad de 73 a\u00f1os. Su esposa Ester Julia; sus hijos Marina, Viviana, Dar\u00edo, Cristian, Marta, Mar\u00eda, Gabriel, Sonia, Rub\u00e9n, Daniela Machaca; sus nietos y dem\u00e1s familiares comunican a sus amistades y persona piadosas que sus restos mortales ser\u00e1n inhumados [&hellip;]<\/p>\n","protected":false},"author":5,"featured_media":5514,"comment_status":"open","ping_status":"open","sticky":false,"template":"","format":"standard","meta":{"_stopmodifiedupdate":false,"_modified_date":"","inline_featured_image":false,"spay_email":"","jetpack_publicize_message":""},"categories":[18],"tags":[],"jetpack_featured_media_url":"https:\/\/notinor.com\/jujuy\/wp-content\/uploads\/2014\/11\/obituarios.jpg","jetpack_publicize_connections":[],"_links":{"self":[{"href":"https:\/\/notinor.com\/jujuy\/wp-json\/wp\/v2\/posts\/6804"}],"collection":[{"href":"https:\/\/notinor.com\/jujuy\/wp-json\/wp\/v2\/posts"}],"about":[{"href":"https:\/\/notinor.com\/jujuy\/wp-json\/wp\/v2\/types\/post"}],"author":[{"embeddable":true,"href":"https:\/\/notinor.com\/jujuy\/wp-json\/wp\/v2\/users\/5"}],"replies":[{"embeddable":true,"href":"https:\/\/notinor.com\/jujuy\/wp-json\/wp\/v2\/comments?post=6804"}],"version-history":[{"count":1,"href":"https:\/\/notinor.com\/jujuy\/wp-json\/wp\/v2\/posts\/6804\/revisions"}],"predecessor-version":[{"id":6805,"href":"https:\/\/notinor.com\/jujuy\/wp-json\/wp\/v2\/posts\/6804\/revisions\/6805"}],"wp:featuredmedia":[{"embeddable":true,"href":"https:\/\/notinor.com\/jujuy\/wp-json\/wp\/v2\/media\/5514"}],"wp:attachment":[{"href":"https:\/\/notinor.com\/jujuy\/wp-json\/wp\/v2\/media?parent=6804"}],"wp:term":[{"taxonomy":"category","embeddable":true,"href":"https:\/\/notinor.com\/jujuy\/wp-json\/wp\/v2\/categories?post=6804"},{"taxonomy":"post_tag","embeddable":true,"href":"https:\/\/notinor.com\/jujuy\/wp-json\/wp\/v2\/tags?post=6804"}],"curies":[{"name":"wp","href":"https:\/\/api.w.org\/{rel}","templated":true}]}}