{"id":6800,"date":"2014-12-01T11:15:40","date_gmt":"2014-12-01T11:15:40","guid":{"rendered":"http:\/\/notinor.com\/jujuy\/?p=6800"},"modified":"2014-12-01T11:15:40","modified_gmt":"2014-12-01T11:15:40","slug":"digan-cristina-olegaria-q-e-p-d","status":"publish","type":"post","link":"https:\/\/notinor.com\/jujuy\/digan-cristina-olegaria-q-e-p-d\/","title":{"rendered":"DIGAN, Cristina Olegaria (Q.E.P.D.)"},"content":{"rendered":"<p>Falleci\u00f3 el 30 de noviembre de 2014.C.A.S.R. y B.P. a la edad de 88 a\u00f1os. Su esposo Evangelisto Bulegio; sus hijos Dora, Ricardo, Marcela, Mercedes, Carmen y Marian; sus hijos pol\u00edticos; sus sobrinos; sus nietos; sus bisnietos y tataranietos y dem\u00e1s familiares y personas que acompa\u00f1an en este dif\u00edcil momento participan de su fallecimiento. el d\u00eda 01 de diciembre a hs. 11:00 en el cementerio Parque Jard\u00edn Del Castillo. Casa de duelo sala velat\u00f3ria Independencia 1185-Jujuy- Werchow. Ruegan elevar una oraci\u00f3n. Exequias y Ceremonial Werchow Sepelios Lavalle 123 Tel. Fax 0388-4225555<\/p>\n","protected":false},"excerpt":{"rendered":"<p>Falleci\u00f3 el 30 de noviembre de 2014.C.A.S.R. y B.P. a la edad de 88 a\u00f1os. Su esposo Evangelisto Bulegio; sus hijos Dora, Ricardo, Marcela, Mercedes, Carmen y Marian; sus hijos pol\u00edticos; sus sobrinos; sus nietos; sus bisnietos y tataranietos y dem\u00e1s familiares y personas que acompa\u00f1an en este dif\u00edcil momento participan de su fallecimiento. el [&hellip;]<\/p>\n","protected":false},"author":5,"featured_media":5514,"comment_status":"open","ping_status":"open","sticky":false,"template":"","format":"standard","meta":{"_stopmodifiedupdate":false,"_modified_date":"","inline_featured_image":false,"spay_email":"","jetpack_publicize_message":""},"categories":[18],"tags":[],"jetpack_featured_media_url":"https:\/\/notinor.com\/jujuy\/wp-content\/uploads\/2014\/11\/obituarios.jpg","jetpack_publicize_connections":[],"_links":{"self":[{"href":"https:\/\/notinor.com\/jujuy\/wp-json\/wp\/v2\/posts\/6800"}],"collection":[{"href":"https:\/\/notinor.com\/jujuy\/wp-json\/wp\/v2\/posts"}],"about":[{"href":"https:\/\/notinor.com\/jujuy\/wp-json\/wp\/v2\/types\/post"}],"author":[{"embeddable":true,"href":"https:\/\/notinor.com\/jujuy\/wp-json\/wp\/v2\/users\/5"}],"replies":[{"embeddable":true,"href":"https:\/\/notinor.com\/jujuy\/wp-json\/wp\/v2\/comments?post=6800"}],"version-history":[{"count":1,"href":"https:\/\/notinor.com\/jujuy\/wp-json\/wp\/v2\/posts\/6800\/revisions"}],"predecessor-version":[{"id":6801,"href":"https:\/\/notinor.com\/jujuy\/wp-json\/wp\/v2\/posts\/6800\/revisions\/6801"}],"wp:featuredmedia":[{"embeddable":true,"href":"https:\/\/notinor.com\/jujuy\/wp-json\/wp\/v2\/media\/5514"}],"wp:attachment":[{"href":"https:\/\/notinor.com\/jujuy\/wp-json\/wp\/v2\/media?parent=6800"}],"wp:term":[{"taxonomy":"category","embeddable":true,"href":"https:\/\/notinor.com\/jujuy\/wp-json\/wp\/v2\/categories?post=6800"},{"taxonomy":"post_tag","embeddable":true,"href":"https:\/\/notinor.com\/jujuy\/wp-json\/wp\/v2\/tags?post=6800"}],"curies":[{"name":"wp","href":"https:\/\/api.w.org\/{rel}","templated":true}]}}