{"id":6626,"date":"2014-11-30T05:11:34","date_gmt":"2014-11-30T05:11:34","guid":{"rendered":"http:\/\/notinor.com\/jujuy\/?p=6626"},"modified":"2014-11-30T06:01:32","modified_gmt":"2014-11-30T06:01:32","slug":"no-laburamos-porque-no-queremos-concluyo-perassi","status":"publish","type":"post","link":"https:\/\/notinor.com\/jujuy\/no-laburamos-porque-no-queremos-concluyo-perassi\/","title":{"rendered":"No laburamos porque no queremos\", concluy\u00f3 Perassi."},"content":{"rendered":"<h2 class=\"subject\">PERASSI PROPUSO QUE SE EXTIENDA EL PERIODO DE SESIONES ORDINARIAS HASTA EL 31 DE DICIEMBRE<\/h2>\n<p><strong>A ra\u00edz de la solicitud de legisladores de distintos bloques de tratar temas importantes en sesiones extraordinarias, el diputado provincial Agust\u00edn Perassi propuso que se extienda el periodo de sesiones ordinarias hasta el 31 de diciembre.<\/strong><\/p>\n<p><strong>Al respecto, el ex gobernador de la Provincia se\u00f1al\u00f3 que, a pesar de lo que dice la Constituci\u00f3n Provincial sobre el periodo de sesiones ordinarias o el reglamento del Parlamento provincial, si existe la voluntad del bloque mayoritario o del titular de la Legislatura y hasta el propio gobernador, la Legislatura puede seguir funcionando sin ning\u00fan problema hasta el 31 de diciembre o incluso sesionar en el mes de enero o febrero.<\/strong><\/p>\n<p><strong>\"Por lo tanto, echarle la culpa a la Constituci\u00f3n de que no laburamos por eso, no es verdad. No laburamos porque no queremos\", concluy\u00f3 Perassi.\u00a0 \u00a0<\/strong><\/p>\n","protected":false},"excerpt":{"rendered":"<p>PERASSI PROPUSO QUE SE EXTIENDA EL PERIODO DE SESIONES ORDINARIAS HASTA EL 31 DE DICIEMBRE A ra\u00edz de la solicitud de legisladores de distintos bloques de tratar temas importantes en sesiones extraordinarias, el diputado provincial Agust\u00edn Perassi propuso que se extienda el periodo de sesiones ordinarias hasta el 31 de diciembre. Al respecto, el ex [&hellip;]<\/p>\n","protected":false},"author":1,"featured_media":6627,"comment_status":"open","ping_status":"open","sticky":false,"template":"","format":"standard","meta":{"_stopmodifiedupdate":false,"_modified_date":"","inline_featured_image":false,"spay_email":"","jetpack_publicize_message":""},"categories":[489],"tags":[],"jetpack_featured_media_url":"https:\/\/notinor.com\/jujuy\/wp-content\/uploads\/2014\/11\/Agust\u00edn-Perassi.jpg","jetpack_publicize_connections":[],"_links":{"self":[{"href":"https:\/\/notinor.com\/jujuy\/wp-json\/wp\/v2\/posts\/6626"}],"collection":[{"href":"https:\/\/notinor.com\/jujuy\/wp-json\/wp\/v2\/posts"}],"about":[{"href":"https:\/\/notinor.com\/jujuy\/wp-json\/wp\/v2\/types\/post"}],"author":[{"embeddable":true,"href":"https:\/\/notinor.com\/jujuy\/wp-json\/wp\/v2\/users\/1"}],"replies":[{"embeddable":true,"href":"https:\/\/notinor.com\/jujuy\/wp-json\/wp\/v2\/comments?post=6626"}],"version-history":[{"count":1,"href":"https:\/\/notinor.com\/jujuy\/wp-json\/wp\/v2\/posts\/6626\/revisions"}],"predecessor-version":[{"id":6628,"href":"https:\/\/notinor.com\/jujuy\/wp-json\/wp\/v2\/posts\/6626\/revisions\/6628"}],"wp:featuredmedia":[{"embeddable":true,"href":"https:\/\/notinor.com\/jujuy\/wp-json\/wp\/v2\/media\/6627"}],"wp:attachment":[{"href":"https:\/\/notinor.com\/jujuy\/wp-json\/wp\/v2\/media?parent=6626"}],"wp:term":[{"taxonomy":"category","embeddable":true,"href":"https:\/\/notinor.com\/jujuy\/wp-json\/wp\/v2\/categories?post=6626"},{"taxonomy":"post_tag","embeddable":true,"href":"https:\/\/notinor.com\/jujuy\/wp-json\/wp\/v2\/tags?post=6626"}],"curies":[{"name":"wp","href":"https:\/\/api.w.org\/{rel}","templated":true}]}}