{"id":65240,"date":"2016-03-12T00:01:09","date_gmt":"2016-03-12T03:01:09","guid":{"rendered":"http:\/\/notinor.com\/jujuy\/?p=65240"},"modified":"2016-03-11T21:17:10","modified_gmt":"2016-03-12T00:17:10","slug":"turismo-jujuy-participa-de-una-mega-feria-en-brasil","status":"publish","type":"post","link":"https:\/\/notinor.com\/jujuy\/turismo-jujuy-participa-de-una-mega-feria-en-brasil\/","title":{"rendered":"Turismo:  Jujuy participa de una mega feria en Brasil"},"content":{"rendered":"<p>De acuerdo al plan estrat\u00e9gico para incrementar el arribo de turistas extranjeros, la provincia de Jujuy confirm\u00f3 su participaci\u00f3n en la mega feria World Travel Market Latin America, dirigida al sector de viajes y turismo de Am\u00e9rica Latina. La misma tendr\u00e1 lugar del 29 al 31 de marzo pr\u00f3ximos en el Transam\u00e9rica Expo Center de la ciudad de San Pablo (Brasil).<\/p>\n<p><a href=\"http:\/\/notinor.com\/jujuy\/wp-content\/uploads\/2016\/03\/World-Travel-Market-Latin-America.jpg\"><img decoding=\"async\" loading=\"lazy\" class=\"alignnone size-full wp-image-65241\" src=\"http:\/\/notinor.com\/jujuy\/wp-content\/uploads\/2016\/03\/World-Travel-Market-Latin-America.jpg\" alt=\"World Travel Market Latin America\" width=\"600\" height=\"310\" srcset=\"https:\/\/notinor.com\/jujuy\/wp-content\/uploads\/2016\/03\/World-Travel-Market-Latin-America.jpg 600w, https:\/\/notinor.com\/jujuy\/wp-content\/uploads\/2016\/03\/World-Travel-Market-Latin-America-300x155.jpg 300w\" sizes=\"(max-width: 600px) 100vw, 600px\" \/><\/a><\/p>\n<p>Al respecto, el Secretario de Turismo Cesar Siufi destac\u00f3 que la presencia juje\u00f1a en este tipo de eventos de car\u00e1cter internacional reafirma el posicionamiento como destino tur\u00edstico. \u201cSe trata de la tercera\u00a0oportunidad en la que Jujuy participa de WTM Latin America. Tenemos la expectativa de potenciar la ya muy buena relaci\u00f3n actual, basada en la constante llegada a nuestra provincia de turistas brasile\u00f1os y en la\u00a0muy buena aceptaci\u00f3n de la propuesta juje\u00f1a de los tour operadores de ese pa\u00eds\u201d.<\/p>\n<p>Durante los tres d\u00edas de feria, los participantes podr\u00e1n asistir gratuitamente a las sesiones que se realizar\u00e1n en el Teatro de Conferencias. Entre los responsables de las presentaciones estar\u00e1n profesionales destacados de empresas como Google y Phocuswright, adem\u00e1s de la OMT (Organizaci\u00f3n Mundial del Turismo) y de ALAGEV (Asociaci\u00f3n Latino Americana de Gestores de Eventos y Viajes Corporativos).<\/p>\n<p>El Gobierno de Jujuy, a trav\u00e9s de la Secretar\u00eda de Turismo, llevar\u00e1 adelante diversas presentaciones promocionales para el p\u00fablico internacional, dando a conocer la oferta tur\u00edstica y de servicios locales en el mercado brasile\u00f1o.<\/p>\n<p>\u201cLa promoci\u00f3n de Jujuy y sus bondades ante prestadores de servicios tur\u00edsticos como agentes, operadores de viajes y prensa especializada ayudar\u00e1 a promover los atractivos y actividades de las regiones tur\u00edsticas de Argentina, fortaleciendo la captaci\u00f3n del mercado brasilero\u201d, concluy\u00f3 el Secretario.<\/p>\n","protected":false},"excerpt":{"rendered":"<p>De acuerdo al plan estrat\u00e9gico para incrementar el arribo de turistas extranjeros, la provincia de Jujuy confirm\u00f3 su participaci\u00f3n en la mega feria World Travel Market Latin America, dirigida al sector de viajes y turismo de Am\u00e9rica Latina. La misma tendr\u00e1 lugar del 29 al 31 de marzo pr\u00f3ximos en el Transam\u00e9rica Expo Center de [&hellip;]<\/p>\n","protected":false},"author":1,"featured_media":65241,"comment_status":"open","ping_status":"open","sticky":false,"template":"","format":"standard","meta":{"_stopmodifiedupdate":false,"_modified_date":"","inline_featured_image":false,"spay_email":"","jetpack_publicize_message":""},"categories":[485,501],"tags":[],"jetpack_featured_media_url":"https:\/\/notinor.com\/jujuy\/wp-content\/uploads\/2016\/03\/World-Travel-Market-Latin-America.jpg","jetpack_publicize_connections":[],"_links":{"self":[{"href":"https:\/\/notinor.com\/jujuy\/wp-json\/wp\/v2\/posts\/65240"}],"collection":[{"href":"https:\/\/notinor.com\/jujuy\/wp-json\/wp\/v2\/posts"}],"about":[{"href":"https:\/\/notinor.com\/jujuy\/wp-json\/wp\/v2\/types\/post"}],"author":[{"embeddable":true,"href":"https:\/\/notinor.com\/jujuy\/wp-json\/wp\/v2\/users\/1"}],"replies":[{"embeddable":true,"href":"https:\/\/notinor.com\/jujuy\/wp-json\/wp\/v2\/comments?post=65240"}],"version-history":[{"count":1,"href":"https:\/\/notinor.com\/jujuy\/wp-json\/wp\/v2\/posts\/65240\/revisions"}],"predecessor-version":[{"id":65242,"href":"https:\/\/notinor.com\/jujuy\/wp-json\/wp\/v2\/posts\/65240\/revisions\/65242"}],"wp:featuredmedia":[{"embeddable":true,"href":"https:\/\/notinor.com\/jujuy\/wp-json\/wp\/v2\/media\/65241"}],"wp:attachment":[{"href":"https:\/\/notinor.com\/jujuy\/wp-json\/wp\/v2\/media?parent=65240"}],"wp:term":[{"taxonomy":"category","embeddable":true,"href":"https:\/\/notinor.com\/jujuy\/wp-json\/wp\/v2\/categories?post=65240"},{"taxonomy":"post_tag","embeddable":true,"href":"https:\/\/notinor.com\/jujuy\/wp-json\/wp\/v2\/tags?post=65240"}],"curies":[{"name":"wp","href":"https:\/\/api.w.org\/{rel}","templated":true}]}}