{"id":65227,"date":"2016-03-12T00:00:44","date_gmt":"2016-03-12T03:00:44","guid":{"rendered":"http:\/\/notinor.com\/jujuy\/?p=65227"},"modified":"2016-03-11T21:04:27","modified_gmt":"2016-03-12T00:04:27","slug":"detuvieron-a-tres-sujetos-por-tentativa-de-homicidio","status":"publish","type":"post","link":"https:\/\/notinor.com\/jujuy\/detuvieron-a-tres-sujetos-por-tentativa-de-homicidio\/","title":{"rendered":"DETUVIERON A TRES\u00a0 SUJETOS POR TENTATIVA DE HOMICIDIO"},"content":{"rendered":"<p>&nbsp;<\/p>\n<p><strong>\u00a0<\/strong><\/p>\n<p>Detectives de la\u00a0 Divisi\u00f3n Homicidio de la Polic\u00eda detuvo ayer, en la v\u00eda p\u00fablica, a tres sujetos que eran buscados intensamente por la justicia por estar relacionados directamente con la tentativa de homicidio y posterior robo contra dos sujetos en el barrio Chingo de esta ciudad.<\/p>\n<p>Los ahora detenidos, estaban pr\u00f3fugos de la\u00a0 justicia por el delito robo calificado en poblado y en banda con el uso de arma y homicidio en grado de tentativa, donde resultaron victimas dos sujetos en el a\u00f1o 2015 en el barrio Chingo.<\/p>\n<p>Desde el momento de haber ocurrido el ataque, las pesquisas con el paso de los d\u00edas, logro establecer \u00a0la identidad de los cuatro delincuentes. En aquel entonces solo se procedi\u00f3 a la detenci\u00f3n de uno de ellos \u00a0y\u00a0 los dem\u00e1s pudieron evadir la detenci\u00f3n que ordeno la justicia.<\/p>\n<p>Dicha situaci\u00f3n cambio, cuando en la jornada de ayer, en horas ma\u00f1ana, en un sector del b-6 en alto comedero, se procedi\u00f3 a la detenci\u00f3n de uno de los buscados; en tanto que los otros dos restantes\u00a0 fueron aprehendidos en el barrio Chingo.<\/p>\n<p>Estos \u00faltimos, al momento de ser detenidos habr\u00edan aportados datos falsos de su persona, pero una vez en el edificio de la brigada de investigaciones se corroboro su verdadera identidad.<\/p>\n<p>Los cuatros fueron puestos a disposici\u00f3n de la fiscal\u00eda N\u00ba 3 a cargo del Dr. Farf\u00e1n, con lo que la totalidad de los autores de los il\u00edcitos fueron capturados.<\/p>\n<p><strong>\u00a0<\/strong><\/p>\n","protected":false},"excerpt":{"rendered":"<p>&nbsp; \u00a0 Detectives de la\u00a0 Divisi\u00f3n Homicidio de la Polic\u00eda detuvo ayer, en la v\u00eda p\u00fablica, a tres sujetos que eran buscados intensamente por la justicia por estar relacionados directamente con la tentativa de homicidio y posterior robo contra dos sujetos en el barrio Chingo de esta ciudad. Los ahora detenidos, estaban pr\u00f3fugos de la\u00a0 [&hellip;]<\/p>\n","protected":false},"author":1,"featured_media":31427,"comment_status":"open","ping_status":"open","sticky":false,"template":"","format":"standard","meta":{"_stopmodifiedupdate":false,"_modified_date":"","inline_featured_image":false,"spay_email":"","jetpack_publicize_message":""},"categories":[3],"tags":[],"jetpack_featured_media_url":"https:\/\/notinor.com\/jujuy\/wp-content\/uploads\/2015\/06\/patrullero.jpg","jetpack_publicize_connections":[],"_links":{"self":[{"href":"https:\/\/notinor.com\/jujuy\/wp-json\/wp\/v2\/posts\/65227"}],"collection":[{"href":"https:\/\/notinor.com\/jujuy\/wp-json\/wp\/v2\/posts"}],"about":[{"href":"https:\/\/notinor.com\/jujuy\/wp-json\/wp\/v2\/types\/post"}],"author":[{"embeddable":true,"href":"https:\/\/notinor.com\/jujuy\/wp-json\/wp\/v2\/users\/1"}],"replies":[{"embeddable":true,"href":"https:\/\/notinor.com\/jujuy\/wp-json\/wp\/v2\/comments?post=65227"}],"version-history":[{"count":1,"href":"https:\/\/notinor.com\/jujuy\/wp-json\/wp\/v2\/posts\/65227\/revisions"}],"predecessor-version":[{"id":65228,"href":"https:\/\/notinor.com\/jujuy\/wp-json\/wp\/v2\/posts\/65227\/revisions\/65228"}],"wp:featuredmedia":[{"embeddable":true,"href":"https:\/\/notinor.com\/jujuy\/wp-json\/wp\/v2\/media\/31427"}],"wp:attachment":[{"href":"https:\/\/notinor.com\/jujuy\/wp-json\/wp\/v2\/media?parent=65227"}],"wp:term":[{"taxonomy":"category","embeddable":true,"href":"https:\/\/notinor.com\/jujuy\/wp-json\/wp\/v2\/categories?post=65227"},{"taxonomy":"post_tag","embeddable":true,"href":"https:\/\/notinor.com\/jujuy\/wp-json\/wp\/v2\/tags?post=65227"}],"curies":[{"name":"wp","href":"https:\/\/api.w.org\/{rel}","templated":true}]}}