{"id":65219,"date":"2016-03-12T00:01:15","date_gmt":"2016-03-12T03:01:15","guid":{"rendered":"http:\/\/notinor.com\/jujuy\/?p=65219"},"modified":"2016-03-11T20:48:26","modified_gmt":"2016-03-11T23:48:26","slug":"triple-crimen-martin-lanatta-volvio-a-acusar-a-anibal-fernandez","status":"publish","type":"post","link":"https:\/\/notinor.com\/jujuy\/triple-crimen-martin-lanatta-volvio-a-acusar-a-anibal-fernandez\/","title":{"rendered":"Triple Crimen: Mart\u00edn Lanatta volvi\u00f3 a acusar a An\u00edbal Fern\u00e1ndez"},"content":{"rendered":"<p>La jueza le tom\u00f3 declaraci\u00f3n en Ezeiza. Vincul\u00f3 al ex funcionario con las muertes y el tr\u00e1fico de efedrina.<\/p>\n<p><a href=\"http:\/\/notinor.com\/jujuy\/wp-content\/uploads\/2016\/03\/lanatta-fernandez.jpg\"><img decoding=\"async\" loading=\"lazy\" class=\"alignnone size-full wp-image-65220\" src=\"http:\/\/notinor.com\/jujuy\/wp-content\/uploads\/2016\/03\/lanatta-fernandez.jpg\" alt=\"lanatta fernandez\" width=\"620\" height=\"350\" srcset=\"https:\/\/notinor.com\/jujuy\/wp-content\/uploads\/2016\/03\/lanatta-fernandez.jpg 620w, https:\/\/notinor.com\/jujuy\/wp-content\/uploads\/2016\/03\/lanatta-fernandez-300x169.jpg 300w, https:\/\/notinor.com\/jujuy\/wp-content\/uploads\/2016\/03\/lanatta-fernandez-199x112.jpg 199w\" sizes=\"(max-width: 620px) 100vw, 620px\" \/><\/a><\/p>\n<p>Mart\u00edn Lanatta, uno de los condenados por el triple crimen de General Rodr\u00edguez, ratific\u00f3 desde la c\u00e1rcel de Ezeiza a la jueza federal Mar\u00eda Servini de Cubr\u00eda las imputaciones contra el ex jefe de Gabinete del kirchnerismo An\u00edbal Fern\u00e1ndez por la autor\u00eda intelectual de aquel episodio.<\/p>\n<p>Fuentes judiciales revelaron que Servini de Cubr\u00eda y el fiscal Juan Pedro Zoni concurrieron el mi\u00e9rcoles pasado al penal de Ezeiza, a tomarle declaraci\u00f3n in situ a Lanatta.<\/p>\n<p>A lo largo de un \"engorroso relato\", el condeando como uno de los asesinos del triple criemn volvi\u00f3 a decir que cont\u00f3 con colaboraci\u00f3n de agentes penitenciarios para la fuga de fines del a\u00f1o pasado, que concluy\u00f3 con su recaptura en la provincia de Santa Fe, junto con otros condenados por los hechos de General Rodr\u00edguez, su hermano Cristian y Victor Schillaci.<\/p>\n<p>Mart\u00edn Lanatta tambi\u00e9n volvi\u00f3 a vincular a An\u00edbal Fen\u00e1ndez con el tr\u00e1fico ilegal de efedrina, especialmente a M\u00e9xico, en t\u00e9rminos similares a una declaraci\u00f3n judicial anterior y a la entrevista period\u00edstica que hab\u00eda concedido desde la c\u00e1rcel al periodista Jorge Lanata.<\/p>\n<p>En ese contexto, insisti\u00f3 en que un personaje conocido con el apodo de \"La Morsa\" era efectivamente An\u00edbal Fern\u00e1ndez, y subray\u00f3 su relaci\u00f3n a trav\u00e9s de Andr\u00e9s Meiszner, ex director del Renar e hijo de un ex presidente del club Quilmes.<\/p>\n<p>La declaraci\u00f3n estuvo enmarcada en el remanente de la investigaci\u00f3n por el triple crimen de General Rodr\u00edguez, expediente en el que a\u00fan est\u00e1 pr\u00f3fugo su supuesto autor intelectual Ibar P\u00e9rez Corradi.<\/p>\n","protected":false},"excerpt":{"rendered":"<p>La jueza le tom\u00f3 declaraci\u00f3n en Ezeiza. Vincul\u00f3 al ex funcionario con las muertes y el tr\u00e1fico de efedrina. Mart\u00edn Lanatta, uno de los condenados por el triple crimen de General Rodr\u00edguez, ratific\u00f3 desde la c\u00e1rcel de Ezeiza a la jueza federal Mar\u00eda Servini de Cubr\u00eda las imputaciones contra el ex jefe de Gabinete del [&hellip;]<\/p>\n","protected":false},"author":1,"featured_media":65220,"comment_status":"open","ping_status":"open","sticky":false,"template":"","format":"standard","meta":{"_stopmodifiedupdate":false,"_modified_date":"","inline_featured_image":false,"spay_email":"","jetpack_publicize_message":""},"categories":[5,501],"tags":[],"jetpack_featured_media_url":"https:\/\/notinor.com\/jujuy\/wp-content\/uploads\/2016\/03\/lanatta-fernandez.jpg","jetpack_publicize_connections":[],"_links":{"self":[{"href":"https:\/\/notinor.com\/jujuy\/wp-json\/wp\/v2\/posts\/65219"}],"collection":[{"href":"https:\/\/notinor.com\/jujuy\/wp-json\/wp\/v2\/posts"}],"about":[{"href":"https:\/\/notinor.com\/jujuy\/wp-json\/wp\/v2\/types\/post"}],"author":[{"embeddable":true,"href":"https:\/\/notinor.com\/jujuy\/wp-json\/wp\/v2\/users\/1"}],"replies":[{"embeddable":true,"href":"https:\/\/notinor.com\/jujuy\/wp-json\/wp\/v2\/comments?post=65219"}],"version-history":[{"count":1,"href":"https:\/\/notinor.com\/jujuy\/wp-json\/wp\/v2\/posts\/65219\/revisions"}],"predecessor-version":[{"id":65221,"href":"https:\/\/notinor.com\/jujuy\/wp-json\/wp\/v2\/posts\/65219\/revisions\/65221"}],"wp:featuredmedia":[{"embeddable":true,"href":"https:\/\/notinor.com\/jujuy\/wp-json\/wp\/v2\/media\/65220"}],"wp:attachment":[{"href":"https:\/\/notinor.com\/jujuy\/wp-json\/wp\/v2\/media?parent=65219"}],"wp:term":[{"taxonomy":"category","embeddable":true,"href":"https:\/\/notinor.com\/jujuy\/wp-json\/wp\/v2\/categories?post=65219"},{"taxonomy":"post_tag","embeddable":true,"href":"https:\/\/notinor.com\/jujuy\/wp-json\/wp\/v2\/tags?post=65219"}],"curies":[{"name":"wp","href":"https:\/\/api.w.org\/{rel}","templated":true}]}}