{"id":62861,"date":"2016-02-22T09:17:30","date_gmt":"2016-02-22T12:17:30","guid":{"rendered":"http:\/\/notinor.com\/jujuy\/?p=62861"},"modified":"2016-02-22T09:18:23","modified_gmt":"2016-02-22T12:18:23","slug":"pascuttini-es-insostenible-ahora-defendera-a-la-industria-ante-el-vencimiento-del-impuesto-adicional-del-7-del-fas","status":"publish","type":"post","link":"https:\/\/notinor.com\/jujuy\/pascuttini-es-insostenible-ahora-defendera-a-la-industria-ante-el-vencimiento-del-impuesto-adicional-del-7-del-fas\/","title":{"rendered":"\u201cPascuttini es insostenible\u201d, ahora defender\u00e1 a la industria ante el vencimiento del impuesto adicional del 7% del  FAS"},"content":{"rendered":"<p>Luego de auspiciar la baja del precio del tabaco al m\u00ednimo hist\u00f3rico 2,50 U$S, el Pte. de la Federaci\u00f3n Argentina de Productores Tabacaleros Pedro Pascuttini, exigir\u00e1 al Ministro Prat Gay que prolongue el decreto por el cual se conservar\u00eda en un 7% el impuesto adicional a los cigarrillos con el que se constituye el \u00a0Fondo de Acci\u00f3n Social y cuya pr\u00f3rroga vence en abril. De esta manera Pascuttini desacredita su rol de representar exclusivamente a los tabacaleros.<\/p>\n<p>Jujuy\u00a0 || 22.02.16 || \u00a0\u00a0El Pte. de La C\u00e1mara del Tabaco de Jujuy y de la FAPT qued\u00f3 fuertemente cuestionado por la mayor\u00eda de los tabacaleros del pa\u00eds, sobre todo aquellos que producen tabaco virginia, ya que durante su gesti\u00f3n (2008-2016) el precio del tabaco cay\u00f3 dos d\u00f3lares. Pascuttini se\u00f1alado como responsable de la tragedia econ\u00f3mica del sector tabacalero por promover una injusta transferencia de la totalidad de los beneficios de la devaluaci\u00f3n del 52% realizada en diciembre pasado, a la industria; ahora pretende defender en nombre de los tabacaleros a las transnacionales ante el ministro de econom\u00eda de la naci\u00f3n Alfonso Prat Gay, siendo funcional a los furtivos compradores, que no dudaron en secar los bolsillos y sue\u00f1os de los tabacaleros juje\u00f1os y salte\u00f1os comprando nuevamente tabaco de oportunidad que vender\u00e1n con un d\u00f3lar altamente competitivo.<\/p>\n<p>Pascuttini admiti\u00f3 que hubo una ca\u00edda en el precio, destac\u00f3 sin embargo que la unificaci\u00f3n de los compradores result\u00f3 un avance ($37,55); por su parte los voceros de la C\u00e1mara del Tabaco de Jujuy anticiparon que habr\u00e1 una compensaci\u00f3n por la ca\u00edda del bajo precio por un aumento en el Fondo Especial del Tabaco.<\/p>\n<p>Pu\u00e9s se advierte que la \u00fanica gesti\u00f3n probada en este a\u00f1o de Pascuttini fue una nota girada al Ministro Prat Gay donde pide en nombre de los tabacaleros del pa\u00eds (FAPT) que no se produzca un aumento del impuesto adicional a la venta de cigarrillos, tasa que hoy se ubica en un 7% pero que por ley podr\u00eda alcanzar el 21%; con esta carga fiscal adicional se cre\u00f3 el Fondo de Asistencia Social.<\/p>\n<p>Esta campa\u00f1a se realiza siempre, alegando que de producirse un aumento en ese segmento, se afectar\u00eda la recaudaci\u00f3n general que podr\u00eda impactar negativamente en el Fondo Especial del Tabaco que es un impuesto interno no transferible a otro destino, solo a complementar el precio del tabaco.<\/p>\n<p>Pascuttini viene realizando tareas que solo benefician hasta ahora a la industria, siendo consecuente con la teor\u00eda de la concentraci\u00f3n econ\u00f3mica a costa del empobrecimiento del sector agropecuario. Pues ahora deber\u00eda estar enfocado en garantizar una gesti\u00f3n persuasiva para incrementar el FET, pero carece de un programa econ\u00f3mico sustentable para la actividad.<\/p>\n<p>Si bi\u00e9n su gesti\u00f3n qued\u00f3 ratificada meses atr\u00e1s, su desempe\u00f1o devel\u00f3 la indiferencia ante pol\u00edticas extractivas que implosionaron las expectativas de los tabacaleros.<\/p>\n<p>Por su parte la industria y los dealers inconmovibles, pretenden hacer creer a la regi\u00f3n que responsabilidad social es mantener una serie de programas que atienden problem\u00e1ticas como \u201cLa prevenci\u00f3n del Trabajo Infantil\u201d cuando la verdadera responsabilidad debe promover el \u201cGanar \u2013 ganar\u201d, es decir compartir con los productores y los obreros rurales los beneficios en este caso de la devaluaci\u00f3n; sin embargo la maximizaci\u00f3n de ganancias, alcanzada con la complicidad de la pasividad del Pte. de la FAPT, desplazando a familias rurales a la vulnerabilidad, caldo de cultivo para el desarrollo de lamentables flagelos sociales, constituye la dram\u00e1tica realidad de presentar a la regi\u00f3n en la antesala de una profunda crisis social.<\/p>\n<p>10 Promesas incumplidas<\/p>\n<ul>\n<li>Prometi\u00f3 financiamiento para la Cooperativa de Tabacaleros sin lograr ninguna gesti\u00f3n positiva, tampoco realiz\u00f3 las auditor\u00edas necesarias para encauzar las falencias administrativas de tal instituci\u00f3n que el mismo denunci\u00f3.<\/li>\n<li>Nunca logr\u00f3 mejorar el precio del tabaco, por el contrario el descenso de la cotizaci\u00f3n del mismo no conoce piso.<\/li>\n<li>No gener\u00f3 en los \u00faltimos a\u00f1os ning\u00fan programa para sanear los pasivos de los productores.<\/li>\n<li>El sector perdi\u00f3 mercado, se fueron compradores. Se comprimi\u00f3 escandalosamente la demanda en grupos concentrados.<\/li>\n<li>El sector es presa de la colonizaci\u00f3n China que tiende a la monopolizaci\u00f3n.<\/li>\n<li>Se perdieron mas de 7.000 has de cultivo, expulsando mas de 5000 obreros del \u00e1rea rural.<\/li>\n<li>Mas de 300 productores dejaron la actividad.<\/li>\n<li>Desaparecieron remanentes del FET, denunciados por las actuales autoridades de gobierno.<\/li>\n<li>Las transferencias del FET fueron irregulares, discontinuas y no contaron con actualizaciones razonables.<\/li>\n<li>El sector qued\u00f3 dividido.<\/li>\n<\/ul>\n<p>&nbsp;<\/p>\n","protected":false},"excerpt":{"rendered":"<p>Luego de auspiciar la baja del precio del tabaco al m\u00ednimo hist\u00f3rico 2,50 U$S, el Pte. de la Federaci\u00f3n Argentina de Productores Tabacaleros Pedro Pascuttini, exigir\u00e1 al Ministro Prat Gay que prolongue el decreto por el cual se conservar\u00eda en un 7% el impuesto adicional a los cigarrillos con el que se constituye el \u00a0Fondo [&hellip;]<\/p>\n","protected":false},"author":1,"featured_media":62862,"comment_status":"open","ping_status":"open","sticky":false,"template":"","format":"standard","meta":{"_stopmodifiedupdate":false,"_modified_date":"","inline_featured_image":false},"categories":[493],"tags":[],"jetpack_featured_media_url":"https:\/\/notinor.com\/jujuy\/wp-content\/uploads\/2016\/02\/ee74e39420fcb34d644ede51ae9b3386.jpg","_links":{"self":[{"href":"https:\/\/notinor.com\/jujuy\/wp-json\/wp\/v2\/posts\/62861"}],"collection":[{"href":"https:\/\/notinor.com\/jujuy\/wp-json\/wp\/v2\/posts"}],"about":[{"href":"https:\/\/notinor.com\/jujuy\/wp-json\/wp\/v2\/types\/post"}],"author":[{"embeddable":true,"href":"https:\/\/notinor.com\/jujuy\/wp-json\/wp\/v2\/users\/1"}],"replies":[{"embeddable":true,"href":"https:\/\/notinor.com\/jujuy\/wp-json\/wp\/v2\/comments?post=62861"}],"version-history":[{"count":1,"href":"https:\/\/notinor.com\/jujuy\/wp-json\/wp\/v2\/posts\/62861\/revisions"}],"predecessor-version":[{"id":62863,"href":"https:\/\/notinor.com\/jujuy\/wp-json\/wp\/v2\/posts\/62861\/revisions\/62863"}],"wp:featuredmedia":[{"embeddable":true,"href":"https:\/\/notinor.com\/jujuy\/wp-json\/wp\/v2\/media\/62862"}],"wp:attachment":[{"href":"https:\/\/notinor.com\/jujuy\/wp-json\/wp\/v2\/media?parent=62861"}],"wp:term":[{"taxonomy":"category","embeddable":true,"href":"https:\/\/notinor.com\/jujuy\/wp-json\/wp\/v2\/categories?post=62861"},{"taxonomy":"post_tag","embeddable":true,"href":"https:\/\/notinor.com\/jujuy\/wp-json\/wp\/v2\/tags?post=62861"}],"curies":[{"name":"wp","href":"https:\/\/api.w.org\/{rel}","templated":true}]}}