{"id":62550,"date":"2016-02-19T03:49:04","date_gmt":"2016-02-19T06:49:04","guid":{"rendered":"http:\/\/notinor.com\/jujuy\/?p=62550"},"modified":"2016-02-19T08:44:36","modified_gmt":"2016-02-19T11:44:36","slug":"jujuy-cuenta-con-un-sistema-de-seleccion-de-jueces-por-concurso-de-antecedentes-y-oposicion","status":"publish","type":"post","link":"https:\/\/notinor.com\/jujuy\/jujuy-cuenta-con-un-sistema-de-seleccion-de-jueces-por-concurso-de-antecedentes-y-oposicion\/","title":{"rendered":"Ahora la selecci\u00f3n de jueces es por concurso de antecedentes y oposici\u00f3n"},"content":{"rendered":"<p><a href=\"http:\/\/notinor.com\/jujuy\/wp-content\/uploads\/2016\/02\/gerardo-morales-en-la-presentacion-del-acto-de-presentacion-del-reglamento-de-concursos-jueces_23312.jpg\"><img decoding=\"async\" loading=\"lazy\" class=\"size-full wp-image-62541 aligncenter\" src=\"http:\/\/notinor.com\/jujuy\/wp-content\/uploads\/2016\/02\/gerardo-morales-en-la-presentacion-del-acto-de-presentacion-del-reglamento-de-concursos-jueces_23312.jpg\" alt=\"gerardo-morales-en-la-presentacion-del-acto-de-presentacion-del-reglamento-de-concursos-jueces_23312\" width=\"800\" height=\"600\" srcset=\"https:\/\/notinor.com\/jujuy\/wp-content\/uploads\/2016\/02\/gerardo-morales-en-la-presentacion-del-acto-de-presentacion-del-reglamento-de-concursos-jueces_23312.jpg 800w, https:\/\/notinor.com\/jujuy\/wp-content\/uploads\/2016\/02\/gerardo-morales-en-la-presentacion-del-acto-de-presentacion-del-reglamento-de-concursos-jueces_23312-300x225.jpg 300w\" sizes=\"(max-width: 800px) 100vw, 800px\" \/><\/a><br \/>\nEn la ceremonia, desarrollada en el Sal\u00f3n Vel\u00e9z Sarsfield, la oportunidad el Mandatario destac\u00f3 que este sistema de selecci\u00f3n de jueces por concurso de antecedentes y oposici\u00f3n mejorar\u00e1 cualitativamente la Justicia.<\/p>\n<p>El Gobernador de la Provincia, Gerardo Morales, se\u00f1al\u00f3 que \u201cesto es un hecho hist\u00f3rico, es uno de los actos m\u00e1s importantes de Jujuy desde el punto de vista institucional, es el m\u00e1s importante porque estamos poniendo en marcha el sistema de selecci\u00f3n de jueces por concurso de antecedentes y oposici\u00f3n, con lo que vamos a mejorar cualitativamente la Justicia\u201d.<\/p>\n<p>El Mandatario indic\u00f3 que \u201chemos hablado de los cambios del Superior Tribunal de Justicia, de c\u00f3mo tambi\u00e9n los miembros de la Corte han tenido el apoyo legitim\u00e1ndola, del apoyo del Frente Cambia Jujuy y del Frente para la Victoria en la oportunidad de su designaci\u00f3n; los cambios en la creaci\u00f3n del Ministerio P\u00fablico de la Acusaci\u00f3n y de la Defensa; la creaci\u00f3n de salas; la C\u00e1mara de Casaci\u00f3n; Juzgado de Violencia de G\u00e9nero que se est\u00e1 convocando a concurso para San Salvador de Jujuy y San Pedro\u201d.<\/p>\n<p>Asimismo, resalt\u00f3 que \u201che puesto a disposici\u00f3n del Superior Tribunal que discutamos el presupuesto, para crecer y llevar un centro judicial a Libertador General San Mart\u00edn, y acercar la Justicia a la gente; y a Ciudad Perico tambi\u00e9n, porque tenemos como un sistema macrocef\u00e1lico en la Ciudad Capital respecto del interior\u201d.<\/p>\n<p>Morales puso de relieve que \u201cestos son pasos que tienen que ver con la mejora de la calidad institucional, por lo que estamos muy satisfechos de acompa\u00f1ar este acto donde estuvieron presentes la Presidenta y miembros del Superior Tribunal de Justicia, Presidente del Poder Legislativo, legisladores que seguramente ser\u00e1n los que integren la comisi\u00f3n del Tribunal Evaluador, Colegios de Abogados y Magistrados, abogados de la matr\u00edcula y tambi\u00e9n funcionarios del Poder Judicial\u201d.<\/p>\n<p>El titular del Poder Ejecutivo afirm\u00f3 que \u201cno vamos a recuperar la paz social si no hay Justicia, sino restablecemos normas de convivencia, y eso se logra con el cumplimiento de la ley, con el funcionamiento de la Justicia; yo creo que este mecanismo va a mejorar cualitativamente eso\u201d.<\/p>\n<p>Gerardo Morales destac\u00f3 que\u00a0 \u201cse elimina el sistema de designaci\u00f3n de jueces a dedo, ya que vamos a tener ahora ternas que van a surgir de concursos y de un sistema que va a poder verificar la prensa, lo van a poder seguir, van a poder ver los ex\u00e1menes y sus resultados\u201d.<\/p>\n<p>El Gobernador de la Provincia resalt\u00f3 que\u00a0 \u201chay tambi\u00e9n un principio de transparencia activa que tiene que ver con la Ley de \u00c9tica P\u00fablica que hemos aprobado, y que obliga a todos los poderes a informar. No quiero designar jueces ni enviar al Poder Legislativo jueces que no surjan de concursos. El de ahora me parece que es el mecanismo id\u00f3neo\u201d.<\/p>\n<p>A su vez, Morales puso \u00e9nfasis finalmente en que \u201cs\u00e9 que esto ha generado un debate; no sorprendemos a nadie porque esto lo hemos planteado durante toda la campa\u00f1a, esto es lo que ha votado la gente. Quiero agradecer a los que no estaban de acuerdo y en especial en el Superior Tribunal de Justicia, que hayan acompa\u00f1ado los nueve miembros del mencionado \u00f3rgano judicial que aprobaron el reglamento y dictaron la Acordada, y est\u00e1n trabajando juntos para que podamos lograr este mecanismo que como digo nos mejora la calidad institucional\u201d.<\/p>\n<p>Estuvieron presentes en la ocasi\u00f3n adem\u00e1s de los magistrados que integran el Superior Tribunal de Justicia, el Vicegobernador Carlos Haquim; los Ministros de Gobierno y Justicia, Agust\u00edn Perassi, y de Seguridad, Ekel Meyer; representantes de los Colegios de Abogados, de Magistrados; funcionarios del Poder Judicial y abogados del foro local.<\/p>\n","protected":false},"excerpt":{"rendered":"<p>En la ceremonia, desarrollada en el Sal\u00f3n Vel\u00e9z Sarsfield, la oportunidad el Mandatario destac\u00f3 que este sistema de selecci\u00f3n de jueces por concurso de antecedentes y oposici\u00f3n mejorar\u00e1 cualitativamente la Justicia. El Gobernador de la Provincia, Gerardo Morales, se\u00f1al\u00f3 que \u201cesto es un hecho hist\u00f3rico, es uno de los actos m\u00e1s importantes de Jujuy desde [&hellip;]<\/p>\n","protected":false},"author":1,"featured_media":62541,"comment_status":"open","ping_status":"open","sticky":false,"template":"","format":"standard","meta":{"_stopmodifiedupdate":false,"_modified_date":"","inline_featured_image":false},"categories":[2,485,501],"tags":[],"jetpack_featured_media_url":"https:\/\/notinor.com\/jujuy\/wp-content\/uploads\/2016\/02\/gerardo-morales-en-la-presentacion-del-acto-de-presentacion-del-reglamento-de-concursos-jueces_23312.jpg","_links":{"self":[{"href":"https:\/\/notinor.com\/jujuy\/wp-json\/wp\/v2\/posts\/62550"}],"collection":[{"href":"https:\/\/notinor.com\/jujuy\/wp-json\/wp\/v2\/posts"}],"about":[{"href":"https:\/\/notinor.com\/jujuy\/wp-json\/wp\/v2\/types\/post"}],"author":[{"embeddable":true,"href":"https:\/\/notinor.com\/jujuy\/wp-json\/wp\/v2\/users\/1"}],"replies":[{"embeddable":true,"href":"https:\/\/notinor.com\/jujuy\/wp-json\/wp\/v2\/comments?post=62550"}],"version-history":[{"count":3,"href":"https:\/\/notinor.com\/jujuy\/wp-json\/wp\/v2\/posts\/62550\/revisions"}],"predecessor-version":[{"id":62556,"href":"https:\/\/notinor.com\/jujuy\/wp-json\/wp\/v2\/posts\/62550\/revisions\/62556"}],"wp:featuredmedia":[{"embeddable":true,"href":"https:\/\/notinor.com\/jujuy\/wp-json\/wp\/v2\/media\/62541"}],"wp:attachment":[{"href":"https:\/\/notinor.com\/jujuy\/wp-json\/wp\/v2\/media?parent=62550"}],"wp:term":[{"taxonomy":"category","embeddable":true,"href":"https:\/\/notinor.com\/jujuy\/wp-json\/wp\/v2\/categories?post=62550"},{"taxonomy":"post_tag","embeddable":true,"href":"https:\/\/notinor.com\/jujuy\/wp-json\/wp\/v2\/tags?post=62550"}],"curies":[{"name":"wp","href":"https:\/\/api.w.org\/{rel}","templated":true}]}}