{"id":6226,"date":"2014-11-27T15:43:27","date_gmt":"2014-11-27T15:43:27","guid":{"rendered":"http:\/\/notinor.com\/jujuy\/?p=6226"},"modified":"2014-11-27T15:43:27","modified_gmt":"2014-11-27T15:43:27","slug":"cae-el-mercado-de-produccion-de-tablets-a-nivel-mundial","status":"publish","type":"post","link":"https:\/\/notinor.com\/jujuy\/cae-el-mercado-de-produccion-de-tablets-a-nivel-mundial\/","title":{"rendered":"Cae el mercado de producci\u00f3n de tablets a nivel mundial"},"content":{"rendered":"<p style=\"text-align: justify;\"><!--more--><\/p>\n<p style=\"text-align: justify;\">El gigante de Sunnyvale ha decidido abandonar sus esfuerzos por hacerse un hueco en el sector tablet, un movimiento que ha llevado a muchos a pensar que podr\u00eda producirse una nueva reestructuraci\u00f3n en AMD.<br \/>\nLa ralentizaci\u00f3n que han experimentado las ventas de tablets a nivel mundial y lo dif\u00edcil que resulta \u201ctriunfar\u201d en ese mercado, dominado actualmente por los iPads y las tablets chinas de bajo coste, habr\u00edan sido los puntos determinantes que habr\u00edan llevado a AMD a tomar esta decisi\u00f3n.<br \/>\nCon esto los de rojo pasan a centrar sus esfuerzos en soluciones personalizadas, una categor\u00eda en la que podemos agrupar por ejemplo los SoCs que dan vida a PS4 y Xbox One, un sector que ha proporcionado a AMD importantes beneficios.<br \/>\nDebemos tener en cuenta que AMD no ha sido la \u00fanica que ha perdido inter\u00e9s en el sector tablet, ya que Intel tambi\u00e9n ha hecho lo propio aunque m\u00e1s a su manera, lo que deja claro que ambas compa\u00f1\u00edas han decidido priorizar otros objetivos frente a las tablets.<\/p>\n","protected":false},"excerpt":{"rendered":"","protected":false},"author":1,"featured_media":6227,"comment_status":"open","ping_status":"open","sticky":false,"template":"","format":"standard","meta":{"_stopmodifiedupdate":false,"_modified_date":"","inline_featured_image":false},"categories":[16],"tags":[],"jetpack_featured_media_url":"https:\/\/notinor.com\/jujuy\/wp-content\/uploads\/2014\/11\/tablet.jpg","_links":{"self":[{"href":"https:\/\/notinor.com\/jujuy\/wp-json\/wp\/v2\/posts\/6226"}],"collection":[{"href":"https:\/\/notinor.com\/jujuy\/wp-json\/wp\/v2\/posts"}],"about":[{"href":"https:\/\/notinor.com\/jujuy\/wp-json\/wp\/v2\/types\/post"}],"author":[{"embeddable":true,"href":"https:\/\/notinor.com\/jujuy\/wp-json\/wp\/v2\/users\/1"}],"replies":[{"embeddable":true,"href":"https:\/\/notinor.com\/jujuy\/wp-json\/wp\/v2\/comments?post=6226"}],"version-history":[{"count":1,"href":"https:\/\/notinor.com\/jujuy\/wp-json\/wp\/v2\/posts\/6226\/revisions"}],"predecessor-version":[{"id":6228,"href":"https:\/\/notinor.com\/jujuy\/wp-json\/wp\/v2\/posts\/6226\/revisions\/6228"}],"wp:featuredmedia":[{"embeddable":true,"href":"https:\/\/notinor.com\/jujuy\/wp-json\/wp\/v2\/media\/6227"}],"wp:attachment":[{"href":"https:\/\/notinor.com\/jujuy\/wp-json\/wp\/v2\/media?parent=6226"}],"wp:term":[{"taxonomy":"category","embeddable":true,"href":"https:\/\/notinor.com\/jujuy\/wp-json\/wp\/v2\/categories?post=6226"},{"taxonomy":"post_tag","embeddable":true,"href":"https:\/\/notinor.com\/jujuy\/wp-json\/wp\/v2\/tags?post=6226"}],"curies":[{"name":"wp","href":"https:\/\/api.w.org\/{rel}","templated":true}]}}