{"id":62156,"date":"2016-02-16T00:53:54","date_gmt":"2016-02-16T03:53:54","guid":{"rendered":"http:\/\/notinor.com\/jujuy\/?p=62156"},"modified":"2016-02-16T00:53:54","modified_gmt":"2016-02-16T03:53:54","slug":"gerardo-morales-mantuvo-un-encuentro-con-diputados-del-pj","status":"publish","type":"post","link":"https:\/\/notinor.com\/jujuy\/gerardo-morales-mantuvo-un-encuentro-con-diputados-del-pj\/","title":{"rendered":"Gerardo Morales mantuvo un encuentro con diputados del PJ"},"content":{"rendered":"<p>All\u00ed se trataron temas como cuestiones institucionales en Ciudad Perico y la situaci\u00f3n que atraviesan vecinos de Tilcara.<\/p>\n<p>En contacto con medios deprensa, el Gobernador declar\u00f3 que \u201ctuvimos una conversaci\u00f3n sobre temas institucionales, entre ellos el tema de Ciudad Perico; donde hay una gran preocupaci\u00f3n de parte del bloque Justicialista, por lo que me compromet\u00ed a comunicarme con los concejales que llevan adelante la denuncia contra el Intendente Ficoseco\u201d. Asimismo, expres\u00f3 que \u201cse han planteado temas de algunos municipios y comisiones municipales, como es el caso de Iturbe\u201d.<\/p>\n<p>Otro de los temas manifestado en el encuentro, fue la situaci\u00f3n que viven los vecinos de Tilcara, sobre lo que el Gobernador destac\u00f3: \u201cPido que nos ocupemos de la gente y no nos metamos en la pelea pol\u00edtica<strong>,<\/strong>porque todo lo que se dice a la gente no le sirve. El Gobierno Provincial est\u00e1 poniendo todo, como lo est\u00e1 haciendo el Municipio del lugar\u201d, resalt\u00f3.<\/p>\n<p>De la misma forma, Morales ratific\u00f3 su irrestricto respeto a la vida interna de los partidos pol\u00edticos. \"Nosotros vamos a respetar, como cuando \u00e9ramos oposici\u00f3n se nos respetaba a nosotros. Este Gobierno es respetuoso de la decisi\u00f3n que tome el afiliado del Justicialismo\u201d, afirm\u00f3.<\/p>\n<p>\u201cNosotros queremos mantener un dialogo m\u00e1s all\u00e1 de las diferencias que tienen ellos con nosotros, y nosotros con ellos. Me parece que hay que profundizar el di\u00e1logo para sostener las instituciones y trabajar pensando en el futuro de Jujuy\u201d, concluy\u00f3 el Gobernador.<\/p>\n","protected":false},"excerpt":{"rendered":"<p>All\u00ed se trataron temas como cuestiones institucionales en Ciudad Perico y la situaci\u00f3n que atraviesan vecinos de Tilcara. En contacto con medios deprensa, el Gobernador declar\u00f3 que \u201ctuvimos una conversaci\u00f3n sobre temas institucionales, entre ellos el tema de Ciudad Perico; donde hay una gran preocupaci\u00f3n de parte del bloque Justicialista, por lo que me compromet\u00ed [&hellip;]<\/p>\n","protected":false},"author":1,"featured_media":62157,"comment_status":"open","ping_status":"open","sticky":false,"template":"","format":"standard","meta":{"_stopmodifiedupdate":false,"_modified_date":"","inline_featured_image":false},"categories":[493],"tags":[],"jetpack_featured_media_url":"https:\/\/notinor.com\/jujuy\/wp-content\/uploads\/2016\/02\/gerardo-morales-gobernador-de-la-provincia-de-jujuy_226061.jpg","_links":{"self":[{"href":"https:\/\/notinor.com\/jujuy\/wp-json\/wp\/v2\/posts\/62156"}],"collection":[{"href":"https:\/\/notinor.com\/jujuy\/wp-json\/wp\/v2\/posts"}],"about":[{"href":"https:\/\/notinor.com\/jujuy\/wp-json\/wp\/v2\/types\/post"}],"author":[{"embeddable":true,"href":"https:\/\/notinor.com\/jujuy\/wp-json\/wp\/v2\/users\/1"}],"replies":[{"embeddable":true,"href":"https:\/\/notinor.com\/jujuy\/wp-json\/wp\/v2\/comments?post=62156"}],"version-history":[{"count":1,"href":"https:\/\/notinor.com\/jujuy\/wp-json\/wp\/v2\/posts\/62156\/revisions"}],"predecessor-version":[{"id":62158,"href":"https:\/\/notinor.com\/jujuy\/wp-json\/wp\/v2\/posts\/62156\/revisions\/62158"}],"wp:featuredmedia":[{"embeddable":true,"href":"https:\/\/notinor.com\/jujuy\/wp-json\/wp\/v2\/media\/62157"}],"wp:attachment":[{"href":"https:\/\/notinor.com\/jujuy\/wp-json\/wp\/v2\/media?parent=62156"}],"wp:term":[{"taxonomy":"category","embeddable":true,"href":"https:\/\/notinor.com\/jujuy\/wp-json\/wp\/v2\/categories?post=62156"},{"taxonomy":"post_tag","embeddable":true,"href":"https:\/\/notinor.com\/jujuy\/wp-json\/wp\/v2\/tags?post=62156"}],"curies":[{"name":"wp","href":"https:\/\/api.w.org\/{rel}","templated":true}]}}