{"id":61002,"date":"2016-02-03T10:58:32","date_gmt":"2016-02-03T13:58:32","guid":{"rendered":"http:\/\/notinor.com\/jujuy\/?p=61002"},"modified":"2016-02-05T11:03:25","modified_gmt":"2016-02-05T14:03:25","slug":"homenaje-a-jorge-cafrune-en-villa-jardin-de-reyes","status":"publish","type":"post","link":"https:\/\/notinor.com\/jujuy\/homenaje-a-jorge-cafrune-en-villa-jardin-de-reyes\/","title":{"rendered":"Homenaje a Jorge Cafrune en Villa Jard\u00edn de Reyes"},"content":{"rendered":"<p>En el marco de un nuevo aniversario del fallecimiento del\u00a0 folklorista argentino Jorge Cafrune, la comunidad vecinal de Villa Jard\u00edn de Reyes y autoridades de la Municipalidad de San Salvador de Jujuy realizaron un c\u00e1lido homenaje en el en su honor junto al acompa\u00f1amiento de familias gauchas y emprendedores tur\u00edsticos de la zona.<\/p>\n<p>Del acto particip\u00f3 el Director de Cultura, Memo Vilte, la Directora de Turismo, Gabriela Canoniero, el Delegado de Villa Jard\u00edn de Reyes, Daniel Ruiz, Fort\u00edn y Centro Gaucho, el Pial y el Centro Gaucho Los Decididos y vecinos.<\/p>\n<p>El reconocimiento inici\u00f3 con las actividad protocolares propias. Acto seguido, se procedi\u00f3 a la colocaci\u00f3n de ofrenda floral al pie del monolito y minuto de silencio. Posteriormente se escucharon palabras alusivas a Jorge Cafrune a cargo de la Profesora Romina Rodas de la Delegaci\u00f3n Municipal de Reyes: \u201cuno de las m\u00e1s grandes cantantes de nuestro pa\u00eds, supo mantenerse siempre fiel a su ideolog\u00eda y\u00a0 sus valores, tanto en su vida personal como art\u00edstica, convirti\u00e9ndose en el representante ideal de las tradiciones y la cultura argentina\u201d.<\/p>\n<p>En tanto Memo Vilte, record\u00f3 a Cafrune \u201ccuando hace un par de a\u00f1os en el Bicentenario del \u00c9xodo Juje\u00f1o realice un trabajo que llev\u00f3 a indagar sobre su vida y lo fui conociendo a trav\u00e9s de sus gestos, obras, por eso me hice amigo porque me sent\u00ed identificado en muchas de sus acciones, siendo consecuente con lo que dec\u00eda y hacia, por eso este homenaje desde Villa Jard\u00edn de Reyes\u201d.<\/p>\n<p>Finalmente Daniel Ruiz, se digiri\u00f3 a los presentes y expres\u00f3 \u201cel agradecimiento por la presencia de la familia, los emprendedores, los centros gauchos que nos colaboran para que Villa Jard\u00edn de Reyes demuestre sus actividades tur\u00edsticas y seguir trabajando para generar este tipo de eventos\u201d.<\/p>\n<p>&nbsp;<\/p>\n<p>&nbsp;<\/p>\n<p>&nbsp;<\/p>\n","protected":false},"excerpt":{"rendered":"<p>En el marco de un nuevo aniversario del fallecimiento del\u00a0 folklorista argentino Jorge Cafrune, la comunidad vecinal de Villa Jard\u00edn de Reyes y autoridades de la Municipalidad de San Salvador de Jujuy realizaron un c\u00e1lido homenaje en el en su honor junto al acompa\u00f1amiento de familias gauchas y emprendedores tur\u00edsticos de la zona. Del acto [&hellip;]<\/p>\n","protected":false},"author":5,"featured_media":61003,"comment_status":"open","ping_status":"open","sticky":false,"template":"","format":"standard","meta":{"_stopmodifiedupdate":false,"_modified_date":"","inline_featured_image":false,"spay_email":"","jetpack_publicize_message":""},"categories":[2,490],"tags":[],"jetpack_featured_media_url":"https:\/\/notinor.com\/jujuy\/wp-content\/uploads\/2016\/02\/Homenaje-a-Jorge-Cafrune-en-Reyes-2-768x576.jpg","jetpack_publicize_connections":[],"_links":{"self":[{"href":"https:\/\/notinor.com\/jujuy\/wp-json\/wp\/v2\/posts\/61002"}],"collection":[{"href":"https:\/\/notinor.com\/jujuy\/wp-json\/wp\/v2\/posts"}],"about":[{"href":"https:\/\/notinor.com\/jujuy\/wp-json\/wp\/v2\/types\/post"}],"author":[{"embeddable":true,"href":"https:\/\/notinor.com\/jujuy\/wp-json\/wp\/v2\/users\/5"}],"replies":[{"embeddable":true,"href":"https:\/\/notinor.com\/jujuy\/wp-json\/wp\/v2\/comments?post=61002"}],"version-history":[{"count":1,"href":"https:\/\/notinor.com\/jujuy\/wp-json\/wp\/v2\/posts\/61002\/revisions"}],"predecessor-version":[{"id":61004,"href":"https:\/\/notinor.com\/jujuy\/wp-json\/wp\/v2\/posts\/61002\/revisions\/61004"}],"wp:featuredmedia":[{"embeddable":true,"href":"https:\/\/notinor.com\/jujuy\/wp-json\/wp\/v2\/media\/61003"}],"wp:attachment":[{"href":"https:\/\/notinor.com\/jujuy\/wp-json\/wp\/v2\/media?parent=61002"}],"wp:term":[{"taxonomy":"category","embeddable":true,"href":"https:\/\/notinor.com\/jujuy\/wp-json\/wp\/v2\/categories?post=61002"},{"taxonomy":"post_tag","embeddable":true,"href":"https:\/\/notinor.com\/jujuy\/wp-json\/wp\/v2\/tags?post=61002"}],"curies":[{"name":"wp","href":"https:\/\/api.w.org\/{rel}","templated":true}]}}