{"id":60997,"date":"2016-02-03T10:56:02","date_gmt":"2016-02-03T13:56:02","guid":{"rendered":"http:\/\/notinor.com\/jujuy\/?p=60997"},"modified":"2016-02-05T10:58:20","modified_gmt":"2016-02-05T13:58:20","slug":"trabajos-de-limpieza-en-plaza-belgrano","status":"publish","type":"post","link":"https:\/\/notinor.com\/jujuy\/trabajos-de-limpieza-en-plaza-belgrano\/","title":{"rendered":"Trabajos de limpieza en Plaza Belgrano"},"content":{"rendered":"<p>En este marco, Guillermo Marenco, Secretario de Servicios P\u00fablicos detall\u00f3: \u201cNos encontramos con muchos residuos, trabajando en un sistema de achique depositado en las esquinas. En el primer relevamiento, podemos ver que los mayores da\u00f1os fueron\u00a0 en el sistema de riego por aspersi\u00f3n, ya que all\u00ed se encontraban instaladas las carpas y transitaban constantemente\u201d.<\/p>\n<p>\u201cMientras realizamos los primeros reacondicionamientos se va haciendo la evaluaci\u00f3n de da\u00f1os por todo el casco de la Plaza y sus alrededores\u201d sostuvo el Secretario Marenco. As\u00ed tambi\u00e9n resalt\u00f3 el trabajo en conjunto con el Ministerio de Salud de la provincia a fin de tareas complementarias de desinfecci\u00f3n por la proliferaci\u00f3n de mosquitos; en la campa\u00f1a contra el dengue.<\/p>\n<p>Finalmente, las autoridades municipales concordaron en que el trabajo de los estados- tanto municipal como gubernamental- se ejecuta con el fin de devolverle a los juje\u00f1os \u2013lo antes posible- el lugar de encuentro que g\u00e9nero el Intendente \u201cChuli\u201d Jorge, junto a la paz y la armon\u00eda en la convivencia, que desea el Gobernador Gerardo Morales.<\/p>\n<p>Por su parte, el Director de Espacios Verdes, Ing. Juan Casasco, brind\u00f3 detalles sobre una los lugares m\u00e1s damnificados de la Plaza \u201clos da\u00f1os que se aprecian son, principalmente, en la parte de luminaria y sobre todo en la carpeta verde que se encuentra muy deteriorada (\u2026) Hoy vamos a tener que definir nuevamente y empezar de cero, para que resurja el embellecimiento de la Plaza\u201d.<\/p>\n","protected":false},"excerpt":{"rendered":"<p>En este marco, Guillermo Marenco, Secretario de Servicios P\u00fablicos detall\u00f3: \u201cNos encontramos con muchos residuos, trabajando en un sistema de achique depositado en las esquinas. En el primer relevamiento, podemos ver que los mayores da\u00f1os fueron\u00a0 en el sistema de riego por aspersi\u00f3n, ya que all\u00ed se encontraban instaladas las carpas y transitaban constantemente\u201d. \u201cMientras [&hellip;]<\/p>\n","protected":false},"author":5,"featured_media":60999,"comment_status":"open","ping_status":"open","sticky":false,"template":"","format":"standard","meta":{"_stopmodifiedupdate":false,"_modified_date":"","inline_featured_image":false,"spay_email":"","jetpack_publicize_message":""},"categories":[2,490],"tags":[],"jetpack_featured_media_url":"https:\/\/notinor.com\/jujuy\/wp-content\/uploads\/2016\/02\/relevamiento-plaza-belgrano-4-768x510.jpg","jetpack_publicize_connections":[],"_links":{"self":[{"href":"https:\/\/notinor.com\/jujuy\/wp-json\/wp\/v2\/posts\/60997"}],"collection":[{"href":"https:\/\/notinor.com\/jujuy\/wp-json\/wp\/v2\/posts"}],"about":[{"href":"https:\/\/notinor.com\/jujuy\/wp-json\/wp\/v2\/types\/post"}],"author":[{"embeddable":true,"href":"https:\/\/notinor.com\/jujuy\/wp-json\/wp\/v2\/users\/5"}],"replies":[{"embeddable":true,"href":"https:\/\/notinor.com\/jujuy\/wp-json\/wp\/v2\/comments?post=60997"}],"version-history":[{"count":3,"href":"https:\/\/notinor.com\/jujuy\/wp-json\/wp\/v2\/posts\/60997\/revisions"}],"predecessor-version":[{"id":61001,"href":"https:\/\/notinor.com\/jujuy\/wp-json\/wp\/v2\/posts\/60997\/revisions\/61001"}],"wp:featuredmedia":[{"embeddable":true,"href":"https:\/\/notinor.com\/jujuy\/wp-json\/wp\/v2\/media\/60999"}],"wp:attachment":[{"href":"https:\/\/notinor.com\/jujuy\/wp-json\/wp\/v2\/media?parent=60997"}],"wp:term":[{"taxonomy":"category","embeddable":true,"href":"https:\/\/notinor.com\/jujuy\/wp-json\/wp\/v2\/categories?post=60997"},{"taxonomy":"post_tag","embeddable":true,"href":"https:\/\/notinor.com\/jujuy\/wp-json\/wp\/v2\/tags?post=60997"}],"curies":[{"name":"wp","href":"https:\/\/api.w.org\/{rel}","templated":true}]}}