{"id":60815,"date":"2016-02-03T23:48:49","date_gmt":"2016-02-04T02:48:49","guid":{"rendered":"http:\/\/notinor.com\/jujuy\/?p=60815"},"modified":"2016-02-03T23:48:49","modified_gmt":"2016-02-04T02:48:49","slug":"el-nino-que-emociono-al-mundo-ya-tiene-su-camiseta-de-messi","status":"publish","type":"post","link":"https:\/\/notinor.com\/jujuy\/el-nino-que-emociono-al-mundo-ya-tiene-su-camiseta-de-messi\/","title":{"rendered":"El ni\u00f1o que emocion\u00f3 al mundo ya tiene su camiseta de messi"},"content":{"rendered":"<p><strong>F\u00fatbol internacional<\/strong><\/p>\n<p>La Federaci\u00f3n Afgana de F\u00fatbol le obsequi\u00f3 el equipo completo de Barcelona y lo invit\u00f3 a jugar con juveniles en Kabul. Adem\u00e1s, se hicieron \u201ccontactos preliminares\u201d para que conozca al rosarino.<\/p>\n<p><a href=\"http:\/\/notinor.com\/jujuy\/wp-content\/uploads\/2016\/02\/nino.png\"><img decoding=\"async\" loading=\"lazy\" class=\"aligncenter  wp-image-60816\" src=\"http:\/\/notinor.com\/jujuy\/wp-content\/uploads\/2016\/02\/nino.png\" alt=\"nino\" width=\"399\" height=\"276\" srcset=\"https:\/\/notinor.com\/jujuy\/wp-content\/uploads\/2016\/02\/nino.png 550w, https:\/\/notinor.com\/jujuy\/wp-content\/uploads\/2016\/02\/nino-300x207.png 300w\" sizes=\"(max-width: 399px) 100vw, 399px\" \/><\/a><br \/>\nTiene 5 a\u00f1os y conmovi\u00f3 al mundo cuando su hermano mayor subi\u00f3 a Facebook una fotograf\u00eda suya con una camiseta de la Selecci\u00f3n Argentina hecha con una bolsa de pl\u00e1stico y con el nombre de Messi y el n\u00famero 10 escritos con una lapicera en el dorsal. A dos semanas de aquello, el ni\u00f1o afgano Murtaza Ahmadi est\u00e1 muy cerca de conocer a Lionel, por el compromiso de la Federaci\u00f3n Afgana de F\u00fatbol, que este martes le obsequi\u00f3 el equipo completo de Barcelona, con el que el ni\u00f1o jug\u00f3 con juveniles de Afganist\u00e1n.<br \/>\n\"Hemos tenido contactos preliminares, pero no sabemos a\u00fan d\u00f3nde ni cu\u00e1ndo el encuentro podr\u00eda realizarse\", indic\u00f3 a la agencia de noticias AFP Sayed Ali Kazemi, portavoz de esa Federaci\u00f3n. La embajada espa\u00f1ola en Kabul le dijo a la agencia de noticias estar \"dispuesta a ayudar\" a Murtaza y a su padre, y la federaci\u00f3n afgana es optimista.<br \/>\nLa foto del peque\u00f1o con la casaca improvisada se viraliz\u00f3 a trav\u00e9s de Twitter y dio la vuelta al mundo gracias a las redes sociales. Fue entonces cuando comenz\u00f3 la b\u00fasqueda del nene. \u201cEste chiquito ama a Messi y al f\u00fatbol. No es posible para nosotros comprarle una camiseta, ya que solo soy un granjero. Es por eso que sus hermanos decidieron hacerle una de pl\u00e1stico\u201d, hab\u00eda explicado Arif, su padre.<\/p>\n","protected":false},"excerpt":{"rendered":"<p>F\u00fatbol internacional La Federaci\u00f3n Afgana de F\u00fatbol le obsequi\u00f3 el equipo completo de Barcelona y lo invit\u00f3 a jugar con juveniles en Kabul. Adem\u00e1s, se hicieron \u201ccontactos preliminares\u201d para que conozca al rosarino. Tiene 5 a\u00f1os y conmovi\u00f3 al mundo cuando su hermano mayor subi\u00f3 a Facebook una fotograf\u00eda suya con una camiseta de la [&hellip;]<\/p>\n","protected":false},"author":1,"featured_media":60816,"comment_status":"open","ping_status":"open","sticky":false,"template":"","format":"standard","meta":{"_stopmodifiedupdate":false,"_modified_date":"","inline_featured_image":false,"spay_email":"","jetpack_publicize_message":""},"categories":[7],"tags":[],"jetpack_featured_media_url":"https:\/\/notinor.com\/jujuy\/wp-content\/uploads\/2016\/02\/nino.png","jetpack_publicize_connections":[],"_links":{"self":[{"href":"https:\/\/notinor.com\/jujuy\/wp-json\/wp\/v2\/posts\/60815"}],"collection":[{"href":"https:\/\/notinor.com\/jujuy\/wp-json\/wp\/v2\/posts"}],"about":[{"href":"https:\/\/notinor.com\/jujuy\/wp-json\/wp\/v2\/types\/post"}],"author":[{"embeddable":true,"href":"https:\/\/notinor.com\/jujuy\/wp-json\/wp\/v2\/users\/1"}],"replies":[{"embeddable":true,"href":"https:\/\/notinor.com\/jujuy\/wp-json\/wp\/v2\/comments?post=60815"}],"version-history":[{"count":1,"href":"https:\/\/notinor.com\/jujuy\/wp-json\/wp\/v2\/posts\/60815\/revisions"}],"predecessor-version":[{"id":60817,"href":"https:\/\/notinor.com\/jujuy\/wp-json\/wp\/v2\/posts\/60815\/revisions\/60817"}],"wp:featuredmedia":[{"embeddable":true,"href":"https:\/\/notinor.com\/jujuy\/wp-json\/wp\/v2\/media\/60816"}],"wp:attachment":[{"href":"https:\/\/notinor.com\/jujuy\/wp-json\/wp\/v2\/media?parent=60815"}],"wp:term":[{"taxonomy":"category","embeddable":true,"href":"https:\/\/notinor.com\/jujuy\/wp-json\/wp\/v2\/categories?post=60815"},{"taxonomy":"post_tag","embeddable":true,"href":"https:\/\/notinor.com\/jujuy\/wp-json\/wp\/v2\/tags?post=60815"}],"curies":[{"name":"wp","href":"https:\/\/api.w.org\/{rel}","templated":true}]}}