{"id":60761,"date":"2016-02-03T15:35:24","date_gmt":"2016-02-03T18:35:24","guid":{"rendered":"http:\/\/notinor.com\/jujuy\/?p=60761"},"modified":"2016-02-03T15:35:24","modified_gmt":"2016-02-03T18:35:24","slug":"precio-del-tabaco-sin-acuerdo-dura-postura-de-la-industria","status":"publish","type":"post","link":"https:\/\/notinor.com\/jujuy\/precio-del-tabaco-sin-acuerdo-dura-postura-de-la-industria\/","title":{"rendered":"Precio del Tabaco: \u201cSin acuerdo, dura postura de la industria\u201d"},"content":{"rendered":"<p>En la oportunidad fijaron posiciones demasiado antag\u00f3nicas, por lo que debieron trasladar la negociaci\u00f3n para el 10 de febrero pr\u00f3ximo en la ciudad de Salta. La oferta de la industria fue del 18% y el pedido de los gobiernos y las C\u00e1maras alcanz\u00f3 el 45%.<\/p>\n<p>Jujuy || 01.02.16 || \u00a0\u00a0Hab\u00eda expectativas por conocer la oferta que har\u00eda la industria, la misma se ubic\u00f3 en una actualizaci\u00f3n de precio cercana al 18% de la cotizaci\u00f3n del a\u00f1o pasado. El n\u00famero puesto en la mesa desconcert\u00f3 a los representantes de los gobiernos de ambas provincias y a las entidades gremiales, ya que pretenden un acuerdo por debajo de la inflaci\u00f3n del 2015.<\/p>\n<p>Por su parte las autoridades oficiales, junto a las C\u00e1maras del Tabaco de Jujuy y Salta pidieron un 45% de reconocimiento para la m\u00e1xima categor\u00eda de producci\u00f3n (B1F). Los argumentos esgrimidos por este sector son por todos conocidos, la quita de retenciones, la actualizaci\u00f3n cambiaria, el reconocimiento de los fletes al puerto; sin embargo quedaron sorprendidos por \u00a0la cotizaci\u00f3n a la baja de parte de la industria, ya que no hay ning\u00fan respaldo t\u00e9cnico que considere razonable un 18% de actualizaci\u00f3n en el precio; ser\u00eda catastr\u00f3fico para los tabacaleros.<\/p>\n<p>Sin dudas, los productores est\u00e1n en presencia de un problema, por tercer a\u00f1o consecutivo negociar\u00e1n en particular con cada comprador, tendencia que ya se registra en Brasil donde en los \u00faltimos a\u00f1os no hay acuerdos de precio unificado, situaci\u00f3n que tambi\u00e9n comienza a darse en Argentina (2014\/15\/16).<\/p>\n<p>Entones \u00bfNos encaminamos al fracaso en la b\u00fasqueda de un precio unificado?, creemos que si, el cual ser\u00e1 consecuencia de la debilidad de las instituciones gremiales, que no toman decisiones para respaldar a los productores, recordemos que un tiempo atr\u00e1s se correg\u00edan las asimetr\u00edas con medidas de fuerza en las boca de acopio.<\/p>\n<p>Pero tal vez la m\u00e1xima responsabilidad\u00a0 recaiga sobre los propios productores organizados en cooperativas, ya que esta es la herramienta fundamental para sortear los desaires de la industria, sin embargo la vulnerabilidad financiera les impide empujar el precio hacia arriba, siendo el gobierno a\u00fan incapaz de intervenir para recuperar la capacidad financiera de las mismas.<\/p>\n<p>Por parte de los compradores, no cabe pedirles razonabilidad, ya que se trata de un negocio, donde la maximizaci\u00f3n de la renta es el objetivo. En cambio para los productores hay un techo a sus expectativas, que desorganizados y abandonados no pueden sortear.<\/p>\n<p>Seguramente desde la industria ponen al FET como un verdadero complemento de precio, agregando unos 27% de actualizaci\u00f3n del mismo, con lo que sumados a la oferta que realizan completan el pedido de los productores (45%).<\/p>\n<p>De todas maneras hay varias aristas para analizar, \u00a0si esta pr\u00e1ctica \u201creunirse para no acordar\u201d comienza a ser una constante, los productores deben fortalecer el sistema cooperativo y sus instituciones representativas para recuperar nuevamente el manejo de la actividad, hoy quedaron reducidos como consecuencia de sus diferencias , sin contar con un programa estrat\u00e9gico que los lleve a metas superadoras.<\/p>\n<p>En este sentido, ambos gobiernos han expresado su solidaridad con las instituciones tabacaleras, ahora no pueden mirar al costado, debe actuar con mecanismos que permitan el fortalecimiento del sector, con lo cual tendr\u00e1n que poner las manos en el barro, de lo contrario desaprovechar las medidas ofrecidas por el gobierno nacional, convertir\u00e1n la gesti\u00f3n en fracaso, al menos con respecto a no poder evitar que se siga desplomando la actividad tabacalera.<\/p>\n","protected":false},"excerpt":{"rendered":"<p>En la oportunidad fijaron posiciones demasiado antag\u00f3nicas, por lo que debieron trasladar la negociaci\u00f3n para el 10 de febrero pr\u00f3ximo en la ciudad de Salta. La oferta de la industria fue del 18% y el pedido de los gobiernos y las C\u00e1maras alcanz\u00f3 el 45%. Jujuy || 01.02.16 || \u00a0\u00a0Hab\u00eda expectativas por conocer la oferta [&hellip;]<\/p>\n","protected":false},"author":1,"featured_media":60762,"comment_status":"open","ping_status":"open","sticky":false,"template":"","format":"standard","meta":{"_stopmodifiedupdate":false,"_modified_date":"","inline_featured_image":false,"spay_email":"","jetpack_publicize_message":""},"categories":[485],"tags":[],"jetpack_featured_media_url":"https:\/\/notinor.com\/jujuy\/wp-content\/uploads\/2016\/02\/reunion-en-salta-11.jpg","jetpack_publicize_connections":[],"_links":{"self":[{"href":"https:\/\/notinor.com\/jujuy\/wp-json\/wp\/v2\/posts\/60761"}],"collection":[{"href":"https:\/\/notinor.com\/jujuy\/wp-json\/wp\/v2\/posts"}],"about":[{"href":"https:\/\/notinor.com\/jujuy\/wp-json\/wp\/v2\/types\/post"}],"author":[{"embeddable":true,"href":"https:\/\/notinor.com\/jujuy\/wp-json\/wp\/v2\/users\/1"}],"replies":[{"embeddable":true,"href":"https:\/\/notinor.com\/jujuy\/wp-json\/wp\/v2\/comments?post=60761"}],"version-history":[{"count":1,"href":"https:\/\/notinor.com\/jujuy\/wp-json\/wp\/v2\/posts\/60761\/revisions"}],"predecessor-version":[{"id":60763,"href":"https:\/\/notinor.com\/jujuy\/wp-json\/wp\/v2\/posts\/60761\/revisions\/60763"}],"wp:featuredmedia":[{"embeddable":true,"href":"https:\/\/notinor.com\/jujuy\/wp-json\/wp\/v2\/media\/60762"}],"wp:attachment":[{"href":"https:\/\/notinor.com\/jujuy\/wp-json\/wp\/v2\/media?parent=60761"}],"wp:term":[{"taxonomy":"category","embeddable":true,"href":"https:\/\/notinor.com\/jujuy\/wp-json\/wp\/v2\/categories?post=60761"},{"taxonomy":"post_tag","embeddable":true,"href":"https:\/\/notinor.com\/jujuy\/wp-json\/wp\/v2\/tags?post=60761"}],"curies":[{"name":"wp","href":"https:\/\/api.w.org\/{rel}","templated":true}]}}