{"id":60735,"date":"2016-02-03T10:50:55","date_gmt":"2016-02-03T13:50:55","guid":{"rendered":"http:\/\/notinor.com\/jujuy\/?p=60735"},"modified":"2016-02-03T10:50:55","modified_gmt":"2016-02-03T13:50:55","slug":"gerardo-morales-acompano-el-fervor-religioso-del-pueblo-de-humahuaca","status":"publish","type":"post","link":"https:\/\/notinor.com\/jujuy\/gerardo-morales-acompano-el-fervor-religioso-del-pueblo-de-humahuaca\/","title":{"rendered":"Gerardo Morales acompa\u00f1\u00f3 el fervor religioso del pueblo de Humahuaca"},"content":{"rendered":"<p>El Gobernador Gerardo Morales, particip\u00f3 de la ceremonia religiosa celebrada en Humahuaca en honras a su patrona, la Virgen de la Candelaria, acompa\u00f1ado por el Intendente de la ciudad, Leonel Herrera; la Ministra de Ambiente, Mar\u00eda In\u00e9s Zigar\u00e1n; los diputados, N\u00e9stor Sanabia y Felipe Balc\u00e1zar, as\u00ed como autoridades provinciales, municipales y de las fuerzas de seguridad. Asimismo, acompa\u00f1aron los actos agrupaciones gauchas y miembros de C\u00e1ritas Humahuaca.<\/p>\n<p>La ceremonia religiosa fue guiada por los Obispos de Humahuaca y de Jujuy, Pedro Olmedo y C\u00e9sar Daniel F\u00e9rnandez, respectivamente, junto a p\u00e1rrocos de la Prelatura de Humahuaca. Del mismo modo, la parte musical estuvo a cargo del coro Virgen de la Candelaria, dirigido por el Profesor Daniel Palacios.<\/p>\n<p>A primera hora de la ma\u00f1ana, las autoridades provinciales y municipales se concentraron en la plazoleta \u201c25 de Mayo\u201d para dar inicio al acto protocolar y la posterior procesi\u00f3n, encabezada por la imagen de la Virgen, hasta llegar a las escalinatas del Monumento a la Independencia, donde se dio inicio a la misa.<\/p>\n<p>Durante el trayecto, un grupo de samilantes realiz\u00f3 el \"baile del suri\", danza caracter\u00edstica que acompas\u00f3 la colorida procesi\u00f3n. En tanto, el Gobernador Morales, a su paso por las calles de la ciudad hist\u00f3rica, recib\u00eda innumerables muestras de cari\u00f1o por parte de vecinos y turistas, quienes se unieron a la celebraci\u00f3n religiosa.<\/p>\n<p>Gauchos, cuerpos de bailes y comunidad en general participaron de la liturgia que se realiz\u00f3 bajo los acordes de la \"Misa Criolla\", de Ariel Ram\u00edrez. La homil\u00eda estuvo a cargo del obispo de la Prelatura de Humahuaca, Pedro Olmedo, quien destac\u00f3 que 2016 es el a\u00f1o del Bicentenario de la Independencia, hecho de nuestra historia que toca de cerca a la ciudad quebrade\u00f1a, ya que en Jujuy se libraron innumerables batallas para independizar a la Naci\u00f3n. \"Este pueblo se ha caracterizado por sus luchas y sufrimiento\", dijo Olmedo.<\/p>\n<p>\"Para los cristianos, el verdadero motivo para luchar con amor y sin violencia es el ejemplo de Jes\u00fas y Mar\u00eda, dando la vida por amor y no divorciando la fe de la acci\u00f3n\", se\u00f1al\u00f3 el obispo.<\/p>\n<p>Al t\u00e9rmino de la celebraci\u00f3n, el Gobernador destac\u00f3 que \u201cla misa de la Virgen de la Candelaria es una de las mejores de la Provincia, es muy participativa, muy diversa, adem\u00e1s de intensa; es as\u00ed que acompa\u00f1amos al pueblo de Humahuaca, para que la Virgen nos ilumine, nos d\u00e9 sabidur\u00eda, para que como pueblo logremos la uni\u00f3n y la paz.\u201d<\/p>\n<p>&nbsp;<\/p>\n","protected":false},"excerpt":{"rendered":"<p>El Gobernador Gerardo Morales, particip\u00f3 de la ceremonia religiosa celebrada en Humahuaca en honras a su patrona, la Virgen de la Candelaria, acompa\u00f1ado por el Intendente de la ciudad, Leonel Herrera; la Ministra de Ambiente, Mar\u00eda In\u00e9s Zigar\u00e1n; los diputados, N\u00e9stor Sanabia y Felipe Balc\u00e1zar, as\u00ed como autoridades provinciales, municipales y de las fuerzas de [&hellip;]<\/p>\n","protected":false},"author":5,"featured_media":60736,"comment_status":"open","ping_status":"open","sticky":false,"template":"","format":"standard","meta":{"_stopmodifiedupdate":false,"_modified_date":"","inline_featured_image":false,"spay_email":"","jetpack_publicize_message":""},"categories":[4],"tags":[],"jetpack_featured_media_url":"https:\/\/notinor.com\/jujuy\/wp-content\/uploads\/2016\/02\/fiesta-de-la-candelaria_22968.jpg","jetpack_publicize_connections":[],"_links":{"self":[{"href":"https:\/\/notinor.com\/jujuy\/wp-json\/wp\/v2\/posts\/60735"}],"collection":[{"href":"https:\/\/notinor.com\/jujuy\/wp-json\/wp\/v2\/posts"}],"about":[{"href":"https:\/\/notinor.com\/jujuy\/wp-json\/wp\/v2\/types\/post"}],"author":[{"embeddable":true,"href":"https:\/\/notinor.com\/jujuy\/wp-json\/wp\/v2\/users\/5"}],"replies":[{"embeddable":true,"href":"https:\/\/notinor.com\/jujuy\/wp-json\/wp\/v2\/comments?post=60735"}],"version-history":[{"count":1,"href":"https:\/\/notinor.com\/jujuy\/wp-json\/wp\/v2\/posts\/60735\/revisions"}],"predecessor-version":[{"id":60737,"href":"https:\/\/notinor.com\/jujuy\/wp-json\/wp\/v2\/posts\/60735\/revisions\/60737"}],"wp:featuredmedia":[{"embeddable":true,"href":"https:\/\/notinor.com\/jujuy\/wp-json\/wp\/v2\/media\/60736"}],"wp:attachment":[{"href":"https:\/\/notinor.com\/jujuy\/wp-json\/wp\/v2\/media?parent=60735"}],"wp:term":[{"taxonomy":"category","embeddable":true,"href":"https:\/\/notinor.com\/jujuy\/wp-json\/wp\/v2\/categories?post=60735"},{"taxonomy":"post_tag","embeddable":true,"href":"https:\/\/notinor.com\/jujuy\/wp-json\/wp\/v2\/tags?post=60735"}],"curies":[{"name":"wp","href":"https:\/\/api.w.org\/{rel}","templated":true}]}}