{"id":60732,"date":"2016-02-03T10:41:54","date_gmt":"2016-02-03T13:41:54","guid":{"rendered":"http:\/\/notinor.com\/jujuy\/?p=60732"},"modified":"2016-02-03T10:41:54","modified_gmt":"2016-02-03T13:41:54","slug":"tras-levantamiento-del-acampe-gerardo-morales-garantiza-trabajo-a-cooperativistas","status":"publish","type":"post","link":"https:\/\/notinor.com\/jujuy\/tras-levantamiento-del-acampe-gerardo-morales-garantiza-trabajo-a-cooperativistas\/","title":{"rendered":"Tras levantamiento del acampe, Gerardo Morales garantiza trabajo a cooperativistas"},"content":{"rendered":"<p>El gobernador Gerardo Morales se refiri\u00f3 al levantamiento del acampe que se realizaba desde hace 50 d\u00edas en plaza Belgrano. \u201cSiempre es mejor el di\u00e1logo. El di\u00e1logo y el respeto son el camino\u201d, expres\u00f3, y adem\u00e1s brind\u00f3 garant\u00edas para la continuidad del trabajo de los cooperativistas.<\/p>\n<p>En Humahuaca y antes de conocerse la noticia del levantamiento del acampe, Morales indic\u00f3 que funcionarios del Gobierno provincial mantuvieron contacto con referentes de la organizaci\u00f3n, quienes solicitaron\u00a0 la continuidad de los programas de asistencia como tambi\u00e9n el funcionamiento de las instituciones educativas y sanitarias que la Tupac ven\u00eda gestionando.<\/p>\n<p>\u201cHablaron con algunos funcionarios nuestros y nos preguntaron si \u00edbamos a garantizarles los planes, la educaci\u00f3n, la salud, y le dijimos que s\u00ed, como desde el primer momento; solo falta que se regularicen. En breve, vamos a poner en funcionamiento los programas con las cooperativas porque hay muchos que todav\u00eda no est\u00e1n formalizados como cooperativistas. Adem\u00e1s, vamos a crear instrumentos y herramientas para darle continuidad al trabajo\u201d, explic\u00f3 Morales.<\/p>\n<p>El Gobernador reafirm\u00f3 el compromiso para que los sistemas de salud y el educativo como tambi\u00e9n la cooperativa textil de la organizaci\u00f3n\u00a0 sigan funcionando, y exhort\u00f3 a los integrantes de la organizaci\u00f3n a que \u201cno desguacen nada y que cuiden el equipamiento, porque el patrimonio de la Tupac\u00a0 es patrimonio p\u00fablico ya que\u00a0 los fondos son aportados por el Estado\u201d.<\/p>\n<p>Por \u00faltimo, Morales llev\u00f3 tranquilidad a los trabajadores de las cooperativas y destac\u00f3 la decisi\u00f3n del gobierno de resolver los conflictos a trav\u00e9s del di\u00e1logo. \u201cSiempre es mejor el di\u00e1logo. El di\u00e1logo y el respeto son el camino\u201d, enfatiz\u00f3.<\/p>\n","protected":false},"excerpt":{"rendered":"<p>El gobernador Gerardo Morales se refiri\u00f3 al levantamiento del acampe que se realizaba desde hace 50 d\u00edas en plaza Belgrano. \u201cSiempre es mejor el di\u00e1logo. El di\u00e1logo y el respeto son el camino\u201d, expres\u00f3, y adem\u00e1s brind\u00f3 garant\u00edas para la continuidad del trabajo de los cooperativistas. En Humahuaca y antes de conocerse la noticia del [&hellip;]<\/p>\n","protected":false},"author":5,"featured_media":60733,"comment_status":"open","ping_status":"open","sticky":false,"template":"","format":"standard","meta":{"_stopmodifiedupdate":false,"_modified_date":"","inline_featured_image":false,"spay_email":"","jetpack_publicize_message":""},"categories":[2],"tags":[],"jetpack_featured_media_url":"https:\/\/notinor.com\/jujuy\/wp-content\/uploads\/2016\/02\/morales-tupac.jpg","jetpack_publicize_connections":[],"_links":{"self":[{"href":"https:\/\/notinor.com\/jujuy\/wp-json\/wp\/v2\/posts\/60732"}],"collection":[{"href":"https:\/\/notinor.com\/jujuy\/wp-json\/wp\/v2\/posts"}],"about":[{"href":"https:\/\/notinor.com\/jujuy\/wp-json\/wp\/v2\/types\/post"}],"author":[{"embeddable":true,"href":"https:\/\/notinor.com\/jujuy\/wp-json\/wp\/v2\/users\/5"}],"replies":[{"embeddable":true,"href":"https:\/\/notinor.com\/jujuy\/wp-json\/wp\/v2\/comments?post=60732"}],"version-history":[{"count":1,"href":"https:\/\/notinor.com\/jujuy\/wp-json\/wp\/v2\/posts\/60732\/revisions"}],"predecessor-version":[{"id":60734,"href":"https:\/\/notinor.com\/jujuy\/wp-json\/wp\/v2\/posts\/60732\/revisions\/60734"}],"wp:featuredmedia":[{"embeddable":true,"href":"https:\/\/notinor.com\/jujuy\/wp-json\/wp\/v2\/media\/60733"}],"wp:attachment":[{"href":"https:\/\/notinor.com\/jujuy\/wp-json\/wp\/v2\/media?parent=60732"}],"wp:term":[{"taxonomy":"category","embeddable":true,"href":"https:\/\/notinor.com\/jujuy\/wp-json\/wp\/v2\/categories?post=60732"},{"taxonomy":"post_tag","embeddable":true,"href":"https:\/\/notinor.com\/jujuy\/wp-json\/wp\/v2\/tags?post=60732"}],"curies":[{"name":"wp","href":"https:\/\/api.w.org\/{rel}","templated":true}]}}