{"id":60723,"date":"2016-02-03T00:00:09","date_gmt":"2016-02-03T03:00:09","guid":{"rendered":"http:\/\/notinor.com\/jujuy\/?p=60723"},"modified":"2016-02-03T00:17:44","modified_gmt":"2016-02-03T03:17:44","slug":"raul-noro-sobre-el-levantamiento-del-acampe-es-un-gesto-de-dialogo","status":"publish","type":"post","link":"https:\/\/notinor.com\/jujuy\/raul-noro-sobre-el-levantamiento-del-acampe-es-un-gesto-de-dialogo\/","title":{"rendered":"Ra\u00fal Noro sobre el levantamiento del acampe:  \"es un gesto de di\u00e1logo\""},"content":{"rendered":"<p>Ayer al medio d\u00eda, la Tupac Amaru comenz\u00f3 a levantar el acampe de Plaza Belgrano tras 51 d\u00edas.La decisi\u00f3n fue tomada por unanimidad durante una asamblea en la que tambi\u00e9n decidieron que un grupo de representantes de las organizaciones se trasladar\u00e1 a Buenos Aires para sumarse al acampe de Plaza de Mayo donde movimientos pol\u00edticos y sociales contin\u00faan reclamando la liberaci\u00f3n de la dirigente de la Tupac Amaru y diputada del Parlasur, Milagro Sala.<\/p>\n<p><a href=\"http:\/\/notinor.com\/jujuy\/wp-content\/uploads\/2016\/02\/levantamiento.jpg\"><img decoding=\"async\" loading=\"lazy\" class=\"alignnone wp-image-60726 size-full\" src=\"http:\/\/notinor.com\/jujuy\/wp-content\/uploads\/2016\/02\/levantamiento.jpg\" alt=\"levantamiento\" width=\"747\" height=\"492\" srcset=\"https:\/\/notinor.com\/jujuy\/wp-content\/uploads\/2016\/02\/levantamiento.jpg 747w, https:\/\/notinor.com\/jujuy\/wp-content\/uploads\/2016\/02\/levantamiento-300x198.jpg 300w\" sizes=\"(max-width: 747px) 100vw, 747px\" \/><\/a><\/p>\n<p><strong>\"Vamos a seguir trabajando en los barrios, como lo venimos haciendo hace 16 a\u00f1os, atendiendo las necesidades de los que menos tienen y que se van incrementando d\u00eda a d\u00eda ante la falta de respuestas por parte del gobierno provincial. El reclamo por la inmediata liberaci\u00f3n de Milagro Sala continuar\u00e1 en Plaza de Mayo y con distintas acciones que se seguir\u00e1n realizando en la provincia. Este es un nuevo gesto que hemos definido en asamblea, como hacemos en todos los casos para que el gobierno provincial abra una instancia de dialogo\",<\/strong> se\u00f1al\u00f3 Patricia Jaldin, directora de la Escuela Bartolina Sisa.<\/p>\n<p>En tanto mientras se realizaba el levantamiento del acampe, NOTINOR.COM pudo dialogar con Ra\u00fal Noro, marido de la dirigente m\u00e1xima de la Tupac Amaru, quien permanece alojada en el penal de mujeres aguardando se resuelva su situaci\u00f3n judicial.<\/p>\n<p><a href=\"http:\/\/notinor.com\/jujuy\/wp-content\/uploads\/2016\/02\/noro-acampe1.jpg\"><img decoding=\"async\" loading=\"lazy\" class=\"alignnone wp-image-60725 size-full\" src=\"http:\/\/notinor.com\/jujuy\/wp-content\/uploads\/2016\/02\/noro-acampe1.jpg\" alt=\"noro acampe\" width=\"713\" height=\"508\" srcset=\"https:\/\/notinor.com\/jujuy\/wp-content\/uploads\/2016\/02\/noro-acampe1.jpg 713w, https:\/\/notinor.com\/jujuy\/wp-content\/uploads\/2016\/02\/noro-acampe1-300x214.jpg 300w, https:\/\/notinor.com\/jujuy\/wp-content\/uploads\/2016\/02\/noro-acampe1-314x224.jpg 314w\" sizes=\"(max-width: 713px) 100vw, 713px\" \/><\/a><\/p>\n<p>Ante la consulta de nuestro medio sobre la denuncia por defraudaci\u00f3n al Estado, causa en la que reiteradamente el gobernador Gerardo Morales hizo menci\u00f3n de unos $29 millones de pesos, Noro adujo, <strong>\"Pagamos los remedios, los insumos, los medicamentos, pagamos las internaciones en los sanatorios, les damos los remedios, eso no ven\u00eda del cielo, eso sali\u00f3 de los excedentes de las cooperativas.\u00a0 Los parques acu\u00e1ticos, los piletones y las piletas, eso se hizo sin aportes dinerarios de Buenos Aires.\u00a0 Eso se hizo con los excedentes de la Tupac Amaru, con todo esos famosos pesos fantasmas que dicen por ah\u00ed est\u00e1n a la vista, por lo menos en las obras nuestras\u201d.<\/strong><\/p>\n<p>Consultado sobre si es una pr\u00e1ctica com\u00fan no devolver los excedentes o invertirlos en cosas para las que los fondos no hab\u00edan sido destinados, Noro explic\u00f3 <strong>\"A la cooperativa se le da $100 para hace viviendas, ponele, pero siempre las cooperativas pueden usar los excedentes, lo mismo con las empresas, sino los empresarios tambi\u00e9n tendr\u00edan que devolver la plata.\u00a0 La cooperativa es una empresa social.\u00a0 Cuando tiene ese excedente de $10 o $2, despu\u00e9s de pagar a los cooperativistas, decide invertirlo en obras complementarias\".<\/strong><\/p>\n<p>Noro subray\u00f3 que las obras est\u00e1n a la vista, a la vez que asegur\u00f3 que la Tupac Amaru cuenta con pruebas contables, <strong>\"Todo, est\u00e1 en obras a la vista.\u00a0 Est\u00e1 en obras y est\u00e1 contabilizado\".<\/strong><\/p>\n<p>En cuanto al gesto hacia el gobierno que dicen estar haciendo con el levantamiento del acampe, Noro sostuvo<strong>, \"Es un gesto amplio, de que nosotros no somos fundamentalistas ideol\u00f3gicos ni del acampe ni de la protesta, nosotros tenemos racionalidad.\u00a0 Es un gesto sobre todo para la poblaci\u00f3n de la ciudad, porque nosotros somos juje\u00f1os tambi\u00e9n, no somos marcianos, somos parte de la juje\u00f1idad\".<\/strong><\/p>\n<p>Consultado por la reparaci\u00f3n de los da\u00f1os producidos en la plaza a causa del acampe, Noro asegur\u00f3 que se pon\u00edan a disposici\u00f3n de la Municipalidad para ayudar en la limpieza y reparaci\u00f3n, <strong>\"Nosotros estamos haciendo todo eso; la reparaci\u00f3n, nosotros no tenemos los elementos, supongo que va a venir la municipalidad que te puede montar una plaza en 24 horas, pero nosotros vamos a dejar todo absolutamente limpio\".<\/strong><\/p>\n<p>Volviendo sobre el gesto hacia el gobierno que afirman estar haciendo con el levantamiento del acampe, Raul Noro pidi\u00f3 que exista reciprocidad de parte del Gobierno, <strong>\"Reitero que es un gesto para la poblaci\u00f3n de Jujuy, y en particular para la poblaci\u00f3n de Jujuy, y como pertenecemos a la cultura andina, Gerardo Morales reivindica la cultura andina en la figura del Carnaval y la Pachamama, esperamos reciprocidad.\u00a0 Nosotros hacemos un gesto y esperamos la reciprocidad de otro gesto, adem\u00e1s se trata de un gobierno democr\u00e1tico\".<\/strong><\/p>\n<p>C\u00d3MO SIGUE LA CAUSA<\/p>\n<p>Ra\u00fal Noro asegur\u00f3 que estuvo en contacto con Milagro Sala todo el tiempo de detenci\u00f3n <strong>\"Yo estuve todos estos d\u00edas en la plaza, y viendo y acompa\u00f1\u00e1ndola a mi mujer toda vez que pude en el Penal.\u00a0 Milagro est\u00e1 bien, est\u00e1 muy fortalecida.\u00a0 Ella tiene perfecto conocimiento del levantamiento del acampe y ha dado su asentimiento a la decisi\u00f3n de la asamblea\".<\/strong><\/p>\n<p>El periodista record\u00f3 la cantidad de organismos internacionales que est\u00e1n pidiendo por la libertad de su esposa, <strong>\"Ya est\u00e1, hay que acordarse que Amnist\u00eda Internacional, uno de los organismos de derechos humanos m\u00e1s importantes del mundo, pidi\u00f3 por la libertad de Milagro Sala.\u00a0 La Conferencia Episcopal Argentina pidi\u00f3 por la no demonizaci\u00f3n de los dirigentes sociales.\u00a0 La corte Interamericana de Derechos Humanos est\u00e1 en estos momentos tomando este caso, y va a sacar un comunicado y una resoluci\u00f3n solicitando la libertad de Milagro Sala.\u00a0 Hay 29 diputados del Parlamento Europeo han pedido por la libertad de Milagro.\u00a0 Los pa\u00edses de la CELAC que se reunieron en Quito la semana pasada, en su resoluci\u00f3n firmada por todos los estados miembros excepto Argentina, exigieron la inmediata libertad de Milagro Sala.\u00a0 Solo faltar\u00eda que vengan los extraterrestres a pedirle a Macri y a Morales liberar a Milagro\".<\/strong><\/p>\n<p>Consultado sobre el material secuestrado, y los rumores de secuestro de armas y dinero, Noro se\u00f1al\u00f3, <strong>\"Te digo lo que me secuestraron a mi.\u00a0 Me secuestraron una cantidad de discos de pel\u00edculas, desde Shreck hasta el Rey Le\u00f3n.\u00a0 Se llevaron hasta los pen drive de la visita que le hicimos al Papa Francisco.\u00a0 Se llevaron mis cuadernos, se llevaron un libro que yo estaba escribiendo, o sea que no s\u00e9 d\u00f3nde anda mi segundo libro\".<\/strong><\/p>\n<p>Para el periodista, el secuestro de todo este material constituye una grave violaci\u00f3n a sus derechos individuales y personal\u00edsimos <strong>\"Si yo me pongo a investigar, cosa que lo puedo hacer tambi\u00e9n, veamos la personalidad de los jueces \u00bfqui\u00e9n es la Dra. Liliana Fernandez de Montiel, donde ha nacido, cu\u00e1ntos hijos tiene, qu\u00e9 ha hecho, si ha sido asesora de Guillermo Capellan -te acord\u00e1s del que era intendente-?\u00a0 Es decir, ese tipo de cosas personales se llevaron para la investigaci\u00f3n, es totalmente absurdo e irregular; es violatorio de los m\u00e1s elementales derechos personal\u00edsimos e individuales protegidos por la Constituci\u00f3n.\u00a0 Pongamos las cosas negro sobre blanco y no nos hagamos eco de esas campa\u00f1as medi\u00e1ticas del \u00e1mbito de la far\u00e1ndula que nada tiene que ver con el origen de este problema, donde lo fundamental es la detenci\u00f3n irregular e ilegal de la compa\u00f1era Milagro Sala\".<\/strong><\/p>\n","protected":false},"excerpt":{"rendered":"<p>Ayer al medio d\u00eda, la Tupac Amaru comenz\u00f3 a levantar el acampe de Plaza Belgrano tras 51 d\u00edas.La decisi\u00f3n fue tomada por unanimidad durante una asamblea en la que tambi\u00e9n decidieron que un grupo de representantes de las organizaciones se trasladar\u00e1 a Buenos Aires para sumarse al acampe de Plaza de Mayo donde movimientos pol\u00edticos [&hellip;]<\/p>\n","protected":false},"author":1,"featured_media":60724,"comment_status":"open","ping_status":"open","sticky":false,"template":"","format":"standard","meta":{"_stopmodifiedupdate":false,"_modified_date":"","inline_featured_image":false},"categories":[485,501],"tags":[],"jetpack_featured_media_url":"https:\/\/notinor.com\/jujuy\/wp-content\/uploads\/2016\/02\/noro-acampe.jpg","_links":{"self":[{"href":"https:\/\/notinor.com\/jujuy\/wp-json\/wp\/v2\/posts\/60723"}],"collection":[{"href":"https:\/\/notinor.com\/jujuy\/wp-json\/wp\/v2\/posts"}],"about":[{"href":"https:\/\/notinor.com\/jujuy\/wp-json\/wp\/v2\/types\/post"}],"author":[{"embeddable":true,"href":"https:\/\/notinor.com\/jujuy\/wp-json\/wp\/v2\/users\/1"}],"replies":[{"embeddable":true,"href":"https:\/\/notinor.com\/jujuy\/wp-json\/wp\/v2\/comments?post=60723"}],"version-history":[{"count":1,"href":"https:\/\/notinor.com\/jujuy\/wp-json\/wp\/v2\/posts\/60723\/revisions"}],"predecessor-version":[{"id":60727,"href":"https:\/\/notinor.com\/jujuy\/wp-json\/wp\/v2\/posts\/60723\/revisions\/60727"}],"wp:featuredmedia":[{"embeddable":true,"href":"https:\/\/notinor.com\/jujuy\/wp-json\/wp\/v2\/media\/60724"}],"wp:attachment":[{"href":"https:\/\/notinor.com\/jujuy\/wp-json\/wp\/v2\/media?parent=60723"}],"wp:term":[{"taxonomy":"category","embeddable":true,"href":"https:\/\/notinor.com\/jujuy\/wp-json\/wp\/v2\/categories?post=60723"},{"taxonomy":"post_tag","embeddable":true,"href":"https:\/\/notinor.com\/jujuy\/wp-json\/wp\/v2\/tags?post=60723"}],"curies":[{"name":"wp","href":"https:\/\/api.w.org\/{rel}","templated":true}]}}