{"id":60722,"date":"2016-02-03T00:50:13","date_gmt":"2016-02-03T03:50:13","guid":{"rendered":"http:\/\/notinor.com\/jujuy\/?p=60722"},"modified":"2016-02-03T00:50:13","modified_gmt":"2016-02-03T03:50:13","slug":"el-gobierno-de-jujuy-sera-querellante-adhesivo-en-la-causa-contra-milagro-sala","status":"publish","type":"post","link":"https:\/\/notinor.com\/jujuy\/el-gobierno-de-jujuy-sera-querellante-adhesivo-en-la-causa-contra-milagro-sala\/","title":{"rendered":"El Gobierno de Jujuy ser\u00e1 querellante adhesivo en la causa contra Milagro Sala"},"content":{"rendered":"<p>Sobre el petitorio realizado ante el Juez de control, el Fiscal indic\u00f3 que el Gobierno provincial se constituy\u00f3 como \u201cquerellante adhesivo dentro del proceso penal, en el marco de las denuncias de defraudaci\u00f3n al Estado y asociaci\u00f3n il\u00edcita, a los efectos de poder controlar las pruebas que se est\u00e1n rindiendo y aportar nuevos elementos\u201d.<\/p>\n<p>Uno de los principales objetivos al participar en el proceso penal contra la Organizaci\u00f3n Tupac Amaru es llegar a conocer cu\u00e1l fue el destino de los 29 millones de pesos que deb\u00edan ser utilizados para el programa \u201cMejor Vivir\u201d.<\/p>\n<p>En este sentido, Miranda asegur\u00f3: \u201cVan a ser contundentes las medidas probatorias para poder comprobar y demostrar cu\u00e1l fue el destino de esos fondos, ya que tenemos una estimaci\u00f3n de que el dinero faltante fue a parar a la Tupac Amaru. De hecho, para el cobro de caudales que eran superiores a 50 mil pesos se utiliz\u00f3\u00a0 una cooperativa vinculada directamente a la organizaci\u00f3n social y que tiene domicilio, casualmente, en calle Alvear 1152. Por este motivo, hemos pedido la ampliaci\u00f3n de la denuncia a los integrantes de esa cooperativa\u201d.<\/p>\n<p>De igual manera, y a trav\u00e9s de la Fiscal\u00eda Anticorrupci\u00f3n, se est\u00e1n realizando distintas auditorias para verificar si existe alguna irregularidad, faltante de fondos o\u00a0 programa que haya sido pagado y no se haya ejecutado. De encontrarse alguna anomal\u00eda en el debido tratamiento de los fondos p\u00fablicos, \u201cse har\u00e1n las presentaciones correspondientes, todo ello en defensa del inter\u00e9s de la comunidad\u201d, anticip\u00f3 el Fiscal Miranda.<\/p>\n<p>En cuanto a la evoluci\u00f3n de la causa contra Milagro Sala, el funcionario provincial asegur\u00f3 que la misma se est\u00e1 realizando dentro del proceso que compete a un Estado de Derecho y que se continuar\u00e1 \u201chaciendo lugar a distintas medidas probatorias que se han solicitado desde el Gobierno Provincial y otras de oficio, tendientes a esclarecer y a acreditar los hechos delictivos denunciados\u201d.<\/p>\n","protected":false},"excerpt":{"rendered":"<p>Sobre el petitorio realizado ante el Juez de control, el Fiscal indic\u00f3 que el Gobierno provincial se constituy\u00f3 como \u201cquerellante adhesivo dentro del proceso penal, en el marco de las denuncias de defraudaci\u00f3n al Estado y asociaci\u00f3n il\u00edcita, a los efectos de poder controlar las pruebas que se est\u00e1n rindiendo y aportar nuevos elementos\u201d. Uno [&hellip;]<\/p>\n","protected":false},"author":5,"featured_media":60730,"comment_status":"open","ping_status":"open","sticky":false,"template":"","format":"standard","meta":{"_stopmodifiedupdate":false,"_modified_date":"","inline_featured_image":false,"spay_email":"","jetpack_publicize_message":""},"categories":[2],"tags":[],"jetpack_featured_media_url":"https:\/\/notinor.com\/jujuy\/wp-content\/uploads\/2016\/02\/querella.jpg","jetpack_publicize_connections":[],"_links":{"self":[{"href":"https:\/\/notinor.com\/jujuy\/wp-json\/wp\/v2\/posts\/60722"}],"collection":[{"href":"https:\/\/notinor.com\/jujuy\/wp-json\/wp\/v2\/posts"}],"about":[{"href":"https:\/\/notinor.com\/jujuy\/wp-json\/wp\/v2\/types\/post"}],"author":[{"embeddable":true,"href":"https:\/\/notinor.com\/jujuy\/wp-json\/wp\/v2\/users\/5"}],"replies":[{"embeddable":true,"href":"https:\/\/notinor.com\/jujuy\/wp-json\/wp\/v2\/comments?post=60722"}],"version-history":[{"count":1,"href":"https:\/\/notinor.com\/jujuy\/wp-json\/wp\/v2\/posts\/60722\/revisions"}],"predecessor-version":[{"id":60731,"href":"https:\/\/notinor.com\/jujuy\/wp-json\/wp\/v2\/posts\/60722\/revisions\/60731"}],"wp:featuredmedia":[{"embeddable":true,"href":"https:\/\/notinor.com\/jujuy\/wp-json\/wp\/v2\/media\/60730"}],"wp:attachment":[{"href":"https:\/\/notinor.com\/jujuy\/wp-json\/wp\/v2\/media?parent=60722"}],"wp:term":[{"taxonomy":"category","embeddable":true,"href":"https:\/\/notinor.com\/jujuy\/wp-json\/wp\/v2\/categories?post=60722"},{"taxonomy":"post_tag","embeddable":true,"href":"https:\/\/notinor.com\/jujuy\/wp-json\/wp\/v2\/tags?post=60722"}],"curies":[{"name":"wp","href":"https:\/\/api.w.org\/{rel}","templated":true}]}}