{"id":60216,"date":"2016-01-29T22:42:06","date_gmt":"2016-01-30T01:42:06","guid":{"rendered":"http:\/\/notinor.com\/jujuy\/?p=60216"},"modified":"2016-01-29T22:45:00","modified_gmt":"2016-01-30T01:45:00","slug":"jujuy-la-inviable-necesita-mas-que-un-milagro","status":"publish","type":"post","link":"https:\/\/notinor.com\/jujuy\/jujuy-la-inviable-necesita-mas-que-un-milagro\/","title":{"rendered":"Jujuy la inviable \u201cnecesita m\u00e1s que un Milagro\u201d"},"content":{"rendered":"<p>Con Milagro Sala en prisi\u00f3n las penurias de una provincia estructuralmente pobre no se terminan. La inflaci\u00f3n implacable ha pulverizado la capacidad adquisitiva de la franja m\u00e1s vulnerable en Jujuy.<\/p>\n<p>Jujuy\u00a0 || 30.01.16 || \u00a0Los informes realizados por diferentes consultoras sobre la capacidad productiva y sustentabilidad financiera de las 24 provincias, colocan a Jujuy en una situaci\u00f3n cr\u00edtica si aspira a una emancipaci\u00f3n econ\u00f3mica, basada en el desarrollo comercial.<\/p>\n<p>Jujuy ha sido clasificada \u00faltima en las mediciones de competitividad de los estados subnacionales, desde hace seis a\u00f1os, consolidando un perfil altamente negativo en materia de evoluci\u00f3n econ\u00f3mica, consecuencia de un plan deliberado del fellnerismo que escogi\u00f3 al populismo como instrumento de poder, por encima del desaf\u00edo de mejorar el \u00edndice de desarrollo humano.<\/p>\n<p>En Jujuy el gobierno kirchnerista mengu\u00f3 la cultura del trabajo, desvirtuando adem\u00e1s la calidad del recurso humano por la promoci\u00f3n del facilismo. Ahora \u201cCambiemos\u201d enfrenta un enorme desaf\u00edo; debe recuperar sustentabilidad financiera, partiendo desde la absoluta dependencia. Hoy Jujuy requiere una asistencia complementaria cercana al 90% de aportes por coparticipaci\u00f3n y ATN, de lo contrario no podr\u00eda sostener la administraci\u00f3n oficial.<\/p>\n<p><a href=\"http:\/\/notinor.com\/jujuy\/wp-content\/uploads\/2016\/01\/160126.01.jpg\"><img decoding=\"async\" loading=\"lazy\" class=\"alignnone size-medium wp-image-60217\" src=\"http:\/\/notinor.com\/jujuy\/wp-content\/uploads\/2016\/01\/160126.01-300x171.jpg\" alt=\"160126.01\" width=\"300\" height=\"171\" srcset=\"https:\/\/notinor.com\/jujuy\/wp-content\/uploads\/2016\/01\/160126.01-300x171.jpg 300w, https:\/\/notinor.com\/jujuy\/wp-content\/uploads\/2016\/01\/160126.01-199x112.jpg 199w, https:\/\/notinor.com\/jujuy\/wp-content\/uploads\/2016\/01\/160126.01.jpg 455w\" sizes=\"(max-width: 300px) 100vw, 300px\" \/><\/a><\/p>\n<p>La nueva discusi\u00f3n de la coparticipaci\u00f3n planteada por los gobernadores del PJ, por la discriminaci\u00f3n percibida ante la discrecionalidad de MM al otorgar por decreto un aumento a la CABA, puso un freno al gobierno nacional, quedando complicado Rogelio Frigerio, quien ahora debe aplacar la demanda de restituci\u00f3n del 15% que el decreto de CFK hab\u00eda dispuesto para las provincias.<\/p>\n<p><a href=\"http:\/\/notinor.com\/jujuy\/wp-content\/uploads\/2016\/01\/160126.03.jpg\"><img decoding=\"async\" loading=\"lazy\" class=\"alignnone size-medium wp-image-60218\" src=\"http:\/\/notinor.com\/jujuy\/wp-content\/uploads\/2016\/01\/160126.03-300x264.jpg\" alt=\"160126.03\" width=\"300\" height=\"264\" srcset=\"https:\/\/notinor.com\/jujuy\/wp-content\/uploads\/2016\/01\/160126.03-300x264.jpg 300w, https:\/\/notinor.com\/jujuy\/wp-content\/uploads\/2016\/01\/160126.03.jpg 455w\" sizes=\"(max-width: 300px) 100vw, 300px\" \/><\/a><\/p>\n<p>En este sentido, desde Cambiemos en Jujuy no se dijo nada; solo se atin\u00f3 a revelar un estado de tensi\u00f3n permanente por la detenci\u00f3n de Milagro Sala. Jujuy no esta en condiciones de sacar los pies del plato de ninguna manera, ni siquiera si le restituyeran el 15% que aporta al ANSES, ya que solo provocar\u00eda una mejora del 10% respecto de los ingresos, con lo cual para lograr la sustentabilidad fiscal resta un abismo.<\/p>\n<p>Al gobernador de Jujuy le queda la esperanza del Plan Belgrano, para el cual hubo buenas noticias en esta semana, cuando se ratific\u00f3 que EEUU levant\u00f3 el veto por cr\u00e9ditos a la argentina. Sin embargo el mega plan demanda adem\u00e1s de infraestructura, una serie de estrategias para desarrollar capital humano, apertura de mercados y modelos internos distributivos; lo cual hoy es solo un esbozo.<\/p>\n<p>En todo el pa\u00eds se vienen dando medidas de ajuste muy fuertes, el estado comenz\u00f3 a achicarse -55.000 despidos en 50 d\u00edas-, con un ajuste tarifario en el servicio el\u00e9ctrico y otros por venir de manera inmediata. Estas variables hacen mella directamente en el tejido social. En ese aspecto Jujuy con su dependencia del empleo p\u00fablico para mantener activo el consumo, no puede proceder a realizar ajustes significativos, por el contrario esta presionado a realizar concesiones tributarias para atraer inversiones privadas.<\/p>\n<p>Sin bi\u00e9n el gobierno decidi\u00f3 repetir el modelo de sustituci\u00f3n de proveedores en obras de viviendas, la metodolog\u00eda posee un componente asistencialista que no tiene sustentabilidad en el tiempo, por lo cual deber\u00e1n realizarse ensayos o emprendimientos sociales complementarios, orientados hacia el germen del empleo de calidad.<\/p>\n<p>Estos son los desaf\u00edos que GM comenz\u00f3 a enfrentar para dar soluciones a una provincia que hasta hoy ha sido definida como un estado expulsor del 30% de la poblaci\u00f3n vegetativa anual, quedando de igual manera una deuda de empleo de mas de 7000 puestos de trabajo anuales; con una demanda acumulada en los \u00faltimos 12 a\u00f1os superior a los 60.000 empleos.<\/p>\n<p>Esta cifra indica que un proceso de generaci\u00f3n laboral para bajar la pobreza por debajo de los 5 puntos reales, requiere inaugurar una Pyme de 19 empleos por d\u00eda los pr\u00f3ximos ocho a\u00f1os, sin alcanzar jam\u00e1s el objetivo de pobreza 0.<\/p>\n","protected":false},"excerpt":{"rendered":"<p>Con Milagro Sala en prisi\u00f3n las penurias de una provincia estructuralmente pobre no se terminan. La inflaci\u00f3n implacable ha pulverizado la capacidad adquisitiva de la franja m\u00e1s vulnerable en Jujuy. Jujuy\u00a0 || 30.01.16 || \u00a0Los informes realizados por diferentes consultoras sobre la capacidad productiva y sustentabilidad financiera de las 24 provincias, colocan a Jujuy en [&hellip;]<\/p>\n","protected":false},"author":1,"featured_media":60220,"comment_status":"open","ping_status":"open","sticky":false,"template":"","format":"standard","meta":{"_stopmodifiedupdate":false,"_modified_date":"","inline_featured_image":false},"categories":[485],"tags":[],"jetpack_featured_media_url":"https:\/\/notinor.com\/jujuy\/wp-content\/uploads\/2016\/01\/descarga12.jpg","_links":{"self":[{"href":"https:\/\/notinor.com\/jujuy\/wp-json\/wp\/v2\/posts\/60216"}],"collection":[{"href":"https:\/\/notinor.com\/jujuy\/wp-json\/wp\/v2\/posts"}],"about":[{"href":"https:\/\/notinor.com\/jujuy\/wp-json\/wp\/v2\/types\/post"}],"author":[{"embeddable":true,"href":"https:\/\/notinor.com\/jujuy\/wp-json\/wp\/v2\/users\/1"}],"replies":[{"embeddable":true,"href":"https:\/\/notinor.com\/jujuy\/wp-json\/wp\/v2\/comments?post=60216"}],"version-history":[{"count":1,"href":"https:\/\/notinor.com\/jujuy\/wp-json\/wp\/v2\/posts\/60216\/revisions"}],"predecessor-version":[{"id":60219,"href":"https:\/\/notinor.com\/jujuy\/wp-json\/wp\/v2\/posts\/60216\/revisions\/60219"}],"wp:featuredmedia":[{"embeddable":true,"href":"https:\/\/notinor.com\/jujuy\/wp-json\/wp\/v2\/media\/60220"}],"wp:attachment":[{"href":"https:\/\/notinor.com\/jujuy\/wp-json\/wp\/v2\/media?parent=60216"}],"wp:term":[{"taxonomy":"category","embeddable":true,"href":"https:\/\/notinor.com\/jujuy\/wp-json\/wp\/v2\/categories?post=60216"},{"taxonomy":"post_tag","embeddable":true,"href":"https:\/\/notinor.com\/jujuy\/wp-json\/wp\/v2\/tags?post=60216"}],"curies":[{"name":"wp","href":"https:\/\/api.w.org\/{rel}","templated":true}]}}