{"id":59758,"date":"2016-01-27T01:00:19","date_gmt":"2016-01-27T04:00:19","guid":{"rendered":"http:\/\/notinor.com\/jujuy\/?p=59758"},"modified":"2016-01-27T11:49:41","modified_gmt":"2016-01-27T14:49:41","slug":"haquim-sin-filtro-recalienta-la-interna-del-partido-justicialista","status":"publish","type":"post","link":"https:\/\/notinor.com\/jujuy\/haquim-sin-filtro-recalienta-la-interna-del-partido-justicialista\/","title":{"rendered":"Haquim \"sin filtro\" recalienta la interna del Partido Justicialista"},"content":{"rendered":"<p>El vicegobernador de la provincia, Carlos Haquim, en la reuni\u00f3n que mantuvo ayer con la prensa juje\u00f1a, habl\u00f3 de varios temas, como la inusitada labor legislativa registrada en solo dos meses desde que asumi\u00f3 la presidencia, o el desenlace de lo que denomin\u00f3 \"la novela\" de las donaciones millonarias que hizo la anterior presidencia, pero hizo especial \u00e9nfasis en la situaci\u00f3n de la interna del PJ.<\/p>\n<h2><strong>\u201cLAS ACCIONES DEL FRENTE PARA LA VICTORIA SE VINIERON ABAJO\u201d<\/strong><\/h2>\n<p>Haquim critic\u00f3 con cierta iron\u00eda las actitudes que se perciben desde los actuales miembros del bloque de diputados del Frente para la Victoria, quienes en la \u00faltima sesi\u00f3n hicieron una aclaratoria de que son \"el frente del Partido Justicialista\", con una evidente verg\u00fcenza por el pasado kirchnerista y la vinculaci\u00f3n a Milagro Sala.\u00a0 En este sentido, el vicegobernador ironiz\u00f3 <strong>\"Parece que las acciones del Frente para la Victoria se vinieron abajo\".<\/strong><\/p>\n<p><strong>\"Yo ya la verdad es que estoy muy confundido, como debe estar confundida la gente.\u00a0 Estos compa\u00f1eros que eran del Frente para la Victoria, en la sesi\u00f3n pasada ya anunciaron ac\u00e1 que ya no son m\u00e1s del Frente para la victoria, que ahora son del Partido Justicialista\",<\/strong> record\u00f3 el vicegobernador.<\/p>\n<p>A esto agreg\u00f3, <strong>\"Esos compa\u00f1eros que sostienen y sostuvieron una sociedad, que ahora parece il\u00edcita, con sectores sociales, concretamente con Milagro Sala, hoy se esconden de Milagro Sala y quieren hacerle creer a la gente que no fueron socios; participaron en las elecciones pasadas en sociedad con Milagro Sala\".<\/strong><\/p>\n<p>Completando el concepto apunt\u00f3, <strong>\"Milagro Sala apoy\u00f3 la candidatura que puso los votos para Eduardo Fellner, sino como prueba miren el voto; miren d\u00f3nde estaba la gente de la Tupac, asociada a Eduardo Fellner, en las fotos abrazada con Eduardo Fellner, con Guillermo Jenefes, con Rub\u00e9n Rivarola, con Alberto Matuk, con Noceti, con Jos\u00e9 Luis Martiarena, dando conferencias de prensa en el Partido Justicialista\".<\/strong><\/p>\n<p>Y se\u00f1al\u00f3, <strong>\"hoy que se empiezan a desnudar los problemas de Jujuy y las irregularidades en las organizaciones sociales, todos estos compa\u00f1eros se escapan, e intentan hacerle creer a la gente de Jujuy que ellos no tienen que ver nada, que no fueron socios, y que todas esas cuestiones que se est\u00e1n denunciando a trav\u00e9s de las mismas cooperativas de la Tupac, ellos no tuvieron nada que ver... como si Fellner no hubiera sido el responsable del estado en que qued\u00f3 la provincia de Jujuy; como si cada uno de los que hoy hablan no hubieran participado de esta fiesta que vivieron algunos sectores de la provincia en desmedro de la gente que menos tiene\".<\/strong><\/p>\n<p>El vicegobernador no agot\u00f3 sus cr\u00edticas al justicialismo por la alianza con Milagro Sala, sino que apunt\u00f3 a dichos de los propios diputados quienes, tras 17 a\u00f1os de gobierno fellnerista, reci\u00e9n ahora parecen preocupados por el estado en que qued\u00f3, por ejemplo, el sistema de Salud.\u00a0 En este sentido apunt\u00f3 contra Rub\u00e9n Rivarola, <strong>\"Me desorienta que en la \u00faltima sesi\u00f3n, y ac\u00e1 est\u00e1 la versi\u00f3n taquigr\u00e1fica, diputados como Rivarola hayan manifestado de que el Hospital de Perico \"no es ni siquiera un puesto de salud\", que en el Hospital de Perico \"no hay ni una curita\", y que si el se quebraba un dedo en Perico tendr\u00eda que venir urgente al Hospital Pablo Soria \"porque no lo podr\u00edan atender ni de una quebradura de dedo\".<\/strong><\/p>\n<p>Y fustig\u00f3, <strong>\"Me extra\u00f1a que ahora Rub\u00e9n Rivarola denuncie en que en la Finca El Pongo \"se han robado todo\"... pero se lo han robado ellos, porque ellos eran los responsables del Gobierno.\u00a0 Por eso digo que estoy confundido, o ser\u00e1 que los que est\u00e1n confundidos son ellos\".<\/strong><\/p>\n<h2><strong>DESPIDOS EN EL BLOQUE JUSTICIALISTA PARA DAR LUGAR A LA ELITE DESOCUPADA<\/strong><\/h2>\n<p>Tampoco ahorr\u00f3 munici\u00f3n gruesa para se\u00f1alar que desde el ex oficialismo se critica la paja en el ojo ajeno sin reparar en la biga que estorba el propio; concretamente apunt\u00f3 a los despidos que se realizaron en el bloque de diputados del Frente para la Victoria en la Legislatura juje\u00f1a para hacer lugar a la elite fellnerista que qued\u00f3 desocupada tras la derrota electoral del 2015 o por no haber renovado banca<strong>, \u00a0\"Me confunde por ejemplo que ac\u00e1 en \u00e9sta Legislatura se despida a los trabajadores del Frente para la Victoria, a los que trabajaron y eran empleados de bloque -que ya no se si es del Frente para la Victoria o del Partido Justicialista-, a esos simples trabajadores se los ha desplazado, se los ha echado, se les ha dicho de la noche a la ma\u00f1ana que \"se termin\u00f3 su trabajo\"\".<\/strong><\/p>\n<p>Haquim no tuvo pelos en la lengua para denunciar con nombres y apellidos a los que fueron beneficiados con los despidos de estos trabajadores legislativos descartados por el Frente para la <strong>Victoria \"en los lugares de esos trabajadores se ha designado a Jorge Noceti, a Mel\u00e9, a Soler, a Alderete, a Almir\u00f3n, a Monaldi, est\u00e1n designando a Juan Jenefes, al primo de Juan Jenefes, a Busignani, en reemplazo de gente com\u00fan y laburante que trabaja en el bloque\".<\/strong><\/p>\n<p>En \u00e9ste sentido ironiz\u00f3 sobre honestidad moral de tener como tema del congreso partidario convocado por el fellnerismo a los despidos que se dan en el Estado por parte del gobierno nacional cuando en el bloque legislativo tambi\u00e9n se despide gente, con el agravante de que se lo hace para reemplazarlos por la elite privilegiada, <strong>\"Veo ah\u00ed en una convocatoria que van a hablar de los despidos, \u00bfpor qu\u00e9 no hablan de los despidos de los trabajadores del bloque justicialista, de gente que hace 12 o 14 a\u00f1os que estuvieron sirvi\u00e9ndolos a ellos, de chicas que yo tuve que ver ac\u00e1 por los pasillos de la Legislatura de la mano con los hijos llorando porque se quedaron sin trabajo?\u00a0 Esas cosas a mi me confunden\".<\/strong><\/p>\n<h2><strong>LA INTERNA DEL PJ Y LOS DOS CONGRESOS<\/strong><\/h2>\n<p>Consultado sobre si tiene intenciones de conducir el Partido Justicialista, Haquim asegur\u00f3 que nunca lo ha dicho, y que en su convicci\u00f3n personal los liderazgos surgen del consenso y no de las imposiciones o de las voluntades, <strong>\"Yo nunca dije que quer\u00eda ser el presidente del PJ, y no lo voy a decir porque las construcciones pol\u00edticas no se hacen como los emperadores,; son construcciones colectivas que surgen de los consensos, de la discusi\u00f3n, del di\u00e1logo, y no de este estilo que tienen que pareciera que hay una sola persona que es la que decide qu\u00e9 es lo que se hace o qu\u00e9 es lo que tienen que hacer el resto de los compa\u00f1eros\".<\/strong><\/p>\n<p>Deslindando responsabilidad sobre el congreso partidario que tendr\u00e1 lugar hoy a horas 15:00 en sede de UPCN, convocado por el vicepresidente de la mesa del Congreso Marcelo Llanos, Haquim diferenci\u00f3 su sector pol\u00edtico de lo que son las autoridades, congresales y afiliados del Partido Justicialista, <strong>\"Quiero aclarar que en realidad, todo el movimiento interno que se da en el Partido Justicialista de Jujuy est\u00e1 llevado adelante por \"ellos\", no est\u00e1 llevado adelante por nosotros\".<\/strong><\/p>\n<p>Sobre este punto explic\u00f3, <strong>\"La gente que vino con el Frente Primero Jujuy y los dirigentes de Primero Jujuy, est\u00e1n afiliados a otros partidos; Carlos Daniel snopek, Alejandro Snopek, Sebasti\u00e1n Echavarri, Agust\u00edn Perassi, Marcelo Nasif, y toda la gente que integr\u00f3 el espacio del Frente Renovador est\u00e1n afiliados al Partido Blanco de los Trabajadores, Gana Jujuy o Encuentro Juje\u00f1o, y otros partidos que se han creado producto de la mala conducci\u00f3n y la no contenci\u00f3n que tuvo la conducci\u00f3n partidaria\". <\/strong><\/p>\n<p>Completando el concepto continu\u00f3 <strong>\"O sea que la convocatoria al Congreso, est\u00e1 hecha por congresales que son de \"ellos\"; los concejeros son de ellos, y los afiliados son de ellos.\u00a0 Lo que pasa es que ni los concejeros, ni los congresales, ni los afiliados, quieren tener esa conducci\u00f3n.\u00a0 Han visto que tienen ahora la posibilidad de expresarse libremente, de decir que han tenido una p\u00e9sima conducci\u00f3n partidaria en manos de Fellner, Jenefes, Rivarola y todos los que est\u00e1n ah\u00ed.\u00a0 Que los han tenido permanentemente sometidos, que los han tenido condicionados, y que ahora que ven la posibilidad de que no est\u00e9n m\u00e1s\".<\/strong><\/p>\n<p><strong>\"Ellos mismos son los que est\u00e1n generando todo este movimiento para decir \"no queremos m\u00e1s esta conducci\u00f3n en el Partido Justicialista\".\u00a0 No son los \"nuestros\".\u00a0 Los \"nuestros\" no van a poder, ni aunque haya amnist\u00eda,\u00a0 ser candidatos en el Partido Justicialista porque est\u00e1n afiliados a otros partidos.\u00a0 A m\u00ed me suspendieron la afiliaci\u00f3n, hace unos d\u00edas.\u00a0 Yo siempre fui afiliado al Partido Justicialista, y se suspendieron a m\u00e1s de 520 compa\u00f1eros peronistas\"<\/strong>, enfatiz\u00f3.<\/p>\n<p>Y recalc\u00f3 <strong>\"por lo tanto, quienes han convocado al Congreso, los congresales quienes van a participar -ahora hay dos congresos- son ellos mismos; son los intendentes y los comisionados, y esto hay que decirlo con claridad: los que est\u00e1n haciendo esto son el intendente de Perico, Rolando Ficoseco -el firm\u00f3 la convocatoria al Congreso de UPCN-, junto a \u00e9l el intendente de Fraile Pintado, Carrasco, la intendente de San Antonio, Juana Sandoval, la intendente de Calilegua... son los intendentes que formaban parte de lo que era antes esto que hoy se est\u00e1 diluyendo\".<\/strong><\/p>\n<p>Con referencia a la otra convocatoria que se hizo a trav\u00e9s de publicaciones en diarios locales por parte del sector fellnerista, Haquim explic\u00f3 <strong>\"El Congreso Partidario funciona y se convoca por las autoridades de la mesa chica del Congreso; son cinco; de esos cinco tenemos el presidente Guillermo Jenefes, el vicepresidente Marcelo Llanos, el secretario Miguel Morales, despu\u00e9s est\u00e1n Bernal y Noceti\".\u00a0 <\/strong><\/p>\n<p>Sin embargo, \u00e9sa nueva convocatoria, paralela a la que hizo Marcelo Llanos, no cumplir\u00eda con los recaudos establecidos en la Carta Org\u00e1nica porque las otras autoridades no estar\u00edan en la provincia<strong>,\u00a0 \"Jenefes est\u00e1 en el exterior de vacaciones, Tecchi y su se\u00f1ora Bernal andan por Portugal, y Noceti anda por Tulum, entonces mal pueden convocar, cualquiera de esos tres al Congreso. Los \u00fanicos dos que est\u00e1n ac\u00e1 son Marcelo Llanos y Miguel Morales que son los que han hecho la convocatoria al Congreso.\u00a0 Ellos no pudieron si quiera notificarse en el Partido porque el Partido est\u00e1 cerrado, como cerraban antes la Legislatura, con llave y por vacaciones.\u00a0 Entonces fueron los escribanos a notificar respectivamente, con la firma de los congresales para pedir que se haga el Congreso, y no hab\u00eda nadie hasta que encontraron a esas dos autoridades del Congreso que se notificaron y a partir de ah\u00ed se hizo la convocatoria\".<\/strong><\/p>\n<p>Sobre la convocatoria paralela, agreg\u00f3 <strong>\"Ahora esa convocatoria convocada por Fellner, seguramente convocada con el asesoramiento de Matuk, que es el iluminado de ese grupo, con la firma de Rivarola y no se qu\u00e9 otro, realmente ya es una falta de verg\u00fcenza, son manotazos de ahogado\"<\/strong>, consider\u00f3.<\/p>\n<p>Consultado sobre cu\u00e1l de las dos convocatorias tendr\u00e1 validez, Haquim consider\u00f3 <strong>\"Ellos dicen que entran en la disputa de cual vale y cual no vale.\u00a0 A m\u00ed me parece que lo que est\u00e1n buscando es el conflicto, porque creo que la \u00fanica forma que tienen ellos de tener posibilidades de seguir en el partido es favorecer el conflicto para generar una intervenci\u00f3n del partido.\u00a0 Si eso fuera as\u00ed, creo que ser\u00eda ya de lo \u00faltimo que pueden hacer como dirigentes y van a tener que encontrar un disfraz, no para el Carnaval sino para andar por las calles de Jujuy.\u00a0 Yo estimo que lo van a judicializar\".<\/strong><\/p>\n<p>En una opini\u00f3n sobre los objetivos perseguidos por el primer congreso, el vicegobernador consider\u00f3<strong>:\u00a0 \"La convocatoria del Congreso no tiene por objeto afectar derechos a nadie, es simplemente poner sobre la mesa la necesidad que tienen los peronistas de participar todos, ya no es tiempo de exclusiones, ya no es tiempo de marginaci\u00f3n.\u00a0 Es tiempo de sentarse a ver c\u00f3mo se recompone el Partido Justicialista que hace 9 a\u00f1os que no convoca a elecciones internas, que igual que la gesti\u00f3n de gobierno anterior, con el dedo designaban quien era candidato, que somet\u00eda a los compa\u00f1eros para que tengan que atenerse a lo que ellos decid\u00edan y si no lo echaban del trabajo, lo persegu\u00edan\".<\/strong><\/p>\n<p>Ante la posibilidad de que se d\u00e9 el escenario de una intervenci\u00f3n con la eventual designaci\u00f3n de un interventor en el Partido Justicialista de Jujuy, Haquim cuestion\u00f3 tambi\u00e9n a la conducci\u00f3n nacional<strong>, \"hay una conducci\u00f3n nacional que est\u00e1 tan viciada como la conducci\u00f3n partidaria de Jujuy\".<\/strong><\/p>\n<p>Consultado por las acusaciones que realiza continuamente Alberto Matuk, en el sentido de que el gobernador Gerardo Morales busca inmiscuirse en la interna del Partido Justicialista, Haquim remat\u00f3 <strong>\"lo que diga el Dr. Alberto Matuk, o lo que diga Rub\u00e9n Rivarola, o lo que diga Hinojo, me tiene sin cuidado.\u00a0 Creo que las cosas est\u00e1n claras, la gente sabe qui\u00e9nes son, qu\u00e9 es lo que han hecho, y c\u00f3mo han dejado a la provincia.\u00a0 Por lo tanto, nosotros seguiremos en el trabajo que hemos iniciado para cambiar la provincia, y no vamos a meternos en \u00e9sas cuestiones de peleas, as\u00ed que seguiremos avanzando con los objetivos que nos hemos trazado que no son otros que recuperar la honestidad, la transparencia que tiene que guiar a este gobierno que evidentemente en la gesti\u00f3n anterior no hab\u00eda, y de hacer\u00a0 las cosas que la gente de Jujuy cree que tenemos que hacer primero\".<\/strong><\/p>\n","protected":false},"excerpt":{"rendered":"<p>El vicegobernador de la provincia, Carlos Haquim, en la reuni\u00f3n que mantuvo ayer con la prensa juje\u00f1a, habl\u00f3 de varios temas, como la inusitada labor legislativa registrada en solo dos meses desde que asumi\u00f3 la presidencia, o el desenlace de lo que denomin\u00f3 \"la novela\" de las donaciones millonarias que hizo la anterior presidencia, pero [&hellip;]<\/p>\n","protected":false},"author":1,"featured_media":59682,"comment_status":"open","ping_status":"open","sticky":false,"template":"","format":"standard","meta":{"_stopmodifiedupdate":false,"_modified_date":"","inline_featured_image":false},"categories":[493,501],"tags":[],"jetpack_featured_media_url":"https:\/\/notinor.com\/jujuy\/wp-content\/uploads\/2016\/01\/haquim-3.jpg","_links":{"self":[{"href":"https:\/\/notinor.com\/jujuy\/wp-json\/wp\/v2\/posts\/59758"}],"collection":[{"href":"https:\/\/notinor.com\/jujuy\/wp-json\/wp\/v2\/posts"}],"about":[{"href":"https:\/\/notinor.com\/jujuy\/wp-json\/wp\/v2\/types\/post"}],"author":[{"embeddable":true,"href":"https:\/\/notinor.com\/jujuy\/wp-json\/wp\/v2\/users\/1"}],"replies":[{"embeddable":true,"href":"https:\/\/notinor.com\/jujuy\/wp-json\/wp\/v2\/comments?post=59758"}],"version-history":[{"count":6,"href":"https:\/\/notinor.com\/jujuy\/wp-json\/wp\/v2\/posts\/59758\/revisions"}],"predecessor-version":[{"id":59834,"href":"https:\/\/notinor.com\/jujuy\/wp-json\/wp\/v2\/posts\/59758\/revisions\/59834"}],"wp:featuredmedia":[{"embeddable":true,"href":"https:\/\/notinor.com\/jujuy\/wp-json\/wp\/v2\/media\/59682"}],"wp:attachment":[{"href":"https:\/\/notinor.com\/jujuy\/wp-json\/wp\/v2\/media?parent=59758"}],"wp:term":[{"taxonomy":"category","embeddable":true,"href":"https:\/\/notinor.com\/jujuy\/wp-json\/wp\/v2\/categories?post=59758"},{"taxonomy":"post_tag","embeddable":true,"href":"https:\/\/notinor.com\/jujuy\/wp-json\/wp\/v2\/tags?post=59758"}],"curies":[{"name":"wp","href":"https:\/\/api.w.org\/{rel}","templated":true}]}}