{"id":58898,"date":"2016-01-20T03:31:29","date_gmt":"2016-01-20T06:31:29","guid":{"rendered":"http:\/\/notinor.com\/jujuy\/?p=58898"},"modified":"2016-01-20T03:31:29","modified_gmt":"2016-01-20T06:31:29","slug":"hay-un-gran-desafio-de-aqui-para-adelante-en-cuanto-a-la-industrializacion-de-jujuy","status":"publish","type":"post","link":"https:\/\/notinor.com\/jujuy\/hay-un-gran-desafio-de-aqui-para-adelante-en-cuanto-a-la-industrializacion-de-jujuy\/","title":{"rendered":"\u201cHay un  gran desaf\u00edo de aqu\u00ed para adelante en cuanto a la industrializaci\u00f3n de Jujuy\u201d"},"content":{"rendered":"<p><a href=\"http:\/\/notinor.com\/jujuy\/wp-content\/uploads\/2016\/01\/abud-robles.jpg\"><img decoding=\"async\" loading=\"lazy\" class=\"wp-image-58096 aligncenter\" src=\"http:\/\/notinor.com\/jujuy\/wp-content\/uploads\/2016\/01\/abud-robles.jpg\" alt=\"abud robles\" width=\"497\" height=\"372\" srcset=\"https:\/\/notinor.com\/jujuy\/wp-content\/uploads\/2016\/01\/abud-robles.jpg 839w, https:\/\/notinor.com\/jujuy\/wp-content\/uploads\/2016\/01\/abud-robles-300x225.jpg 300w\" sizes=\"(max-width: 497px) 100vw, 497px\" \/><\/a><\/p>\n<p>En primer lugar resalta el trabajo arduo que tendr\u00e1n que realizar desde la nueva gesti\u00f3n tras 10 a\u00f1os donde no se ha realizado un plan que atienda la industrializaci\u00f3n de la provincia en general. \u201cAqu\u00ed no hab\u00eda un plan productivo, \u00fanicamente se atend\u00edan cuestiones coyunturales y solucionar los sectores que est\u00e1n. Hay un gran desaf\u00edo de aqu\u00ed para adelante en cuanto a la industrializaci\u00f3n de Jujuy, en cuanto al cambio de matriz productiva\u201d, mencion\u00f3 el ministro Abud Robles.<\/p>\n<p>\u201cAprovechar los beneficios y sacar el mejor provecho en las diferentes \u00e1reas explic\u00f3 el ministro \u201caprovechar el Plan Belgrano, tenemos grandes desaf\u00edos en los diferentes sectores, en el de carne se consumen todo lo que viene de afuera de otras provincias y pr\u00e1cticamente no se produce nada aqu\u00ed, Tenemos 100 mil cabezas cuando en realidad deber\u00edamos tener m\u00e1s de 700 mil cabezas. Tenemos el \u00e1rea del turismo sin impulsar. Tenemos que impulsar un r\u00e9gimen de promoci\u00f3n para las inversiones, creo que con los microcr\u00e9ditos y el concejo de la Micro empresa no alcanza, creo que tenemos que buscar realmente, darle un salto a los sectores que potencialmente pueden hacer y fraccionar la econom\u00eda de Jujuy. Todo lo que tenga que ver con la energ\u00eda y energ\u00eda alternativa, solar y e\u00f3lica\u201d.<\/p>\n<p>Otro punto que resalto fue el Litio \u201ces una actividad que genera gran valor agregado y por el precio que tiene y la demanda internacional que tiene es una de las actividades que mas puede crecer y estamos trabajando al respecto. Estas son las actividades prioritarias que para nosotros hay que impulsar durante este a\u00f1o y por supuesto tambi\u00e9n para los pr\u00f3ximos a\u00f1os. Yo creo que hay cuestiones que van a exceder este mandato pero hay que comenzar\u201d afirm\u00f3.<\/p>\n<p>Una de las recientes declaraciones brindadas por el mismo Gobernador de la provincia, era el acuerdo firmado con naci\u00f3n para la concreci\u00f3n de la zona franca en Jujuy y la definici\u00f3n de la autopista sobre ruta nacional 34 en el tramo de Libertador (Jujuy) y G\u00fcemes (Salta), uno de los corredores productivos m\u00e1s importantes de la regi\u00f3n. Al respecto Abud Robles menciono que \u201cesto es de alto valor estrat\u00e9gico\u201d para el sector productivo.<\/p>\n<p>Para finalizar se refiri\u00f3 a la oferta de la az\u00facar y la depresi\u00f3n del precio de la misma, \u201chay mucha oferta de az\u00facar y ha deprimido el precio y se esta produciendo a la mitad del costo por lo cual hoy producir un kilo de az\u00facar cuesta 8 pesos y se la vende a 4. Se ve la diferencia y la p\u00e9rdida que esta produciendo y este aumento al corte del bio etanol da una alternativa rentable para los ingenios que va a ser aprovechada. Ya tuvimos algunas consultas\u201d se refiri\u00f3 el Ministro de Desarrollo Econ\u00f3mico y Producci\u00f3n, Juan Carlos Abud Robles.<\/p>\n","protected":false},"excerpt":{"rendered":"<p>En primer lugar resalta el trabajo arduo que tendr\u00e1n que realizar desde la nueva gesti\u00f3n tras 10 a\u00f1os donde no se ha realizado un plan que atienda la industrializaci\u00f3n de la provincia en general. \u201cAqu\u00ed no hab\u00eda un plan productivo, \u00fanicamente se atend\u00edan cuestiones coyunturales y solucionar los sectores que est\u00e1n. Hay un gran desaf\u00edo [&hellip;]<\/p>\n","protected":false},"author":1,"featured_media":58096,"comment_status":"open","ping_status":"open","sticky":false,"template":"","format":"standard","meta":{"_stopmodifiedupdate":false,"_modified_date":"","inline_featured_image":false},"categories":[2,493],"tags":[],"jetpack_featured_media_url":"https:\/\/notinor.com\/jujuy\/wp-content\/uploads\/2016\/01\/abud-robles.jpg","_links":{"self":[{"href":"https:\/\/notinor.com\/jujuy\/wp-json\/wp\/v2\/posts\/58898"}],"collection":[{"href":"https:\/\/notinor.com\/jujuy\/wp-json\/wp\/v2\/posts"}],"about":[{"href":"https:\/\/notinor.com\/jujuy\/wp-json\/wp\/v2\/types\/post"}],"author":[{"embeddable":true,"href":"https:\/\/notinor.com\/jujuy\/wp-json\/wp\/v2\/users\/1"}],"replies":[{"embeddable":true,"href":"https:\/\/notinor.com\/jujuy\/wp-json\/wp\/v2\/comments?post=58898"}],"version-history":[{"count":1,"href":"https:\/\/notinor.com\/jujuy\/wp-json\/wp\/v2\/posts\/58898\/revisions"}],"predecessor-version":[{"id":58899,"href":"https:\/\/notinor.com\/jujuy\/wp-json\/wp\/v2\/posts\/58898\/revisions\/58899"}],"wp:featuredmedia":[{"embeddable":true,"href":"https:\/\/notinor.com\/jujuy\/wp-json\/wp\/v2\/media\/58096"}],"wp:attachment":[{"href":"https:\/\/notinor.com\/jujuy\/wp-json\/wp\/v2\/media?parent=58898"}],"wp:term":[{"taxonomy":"category","embeddable":true,"href":"https:\/\/notinor.com\/jujuy\/wp-json\/wp\/v2\/categories?post=58898"},{"taxonomy":"post_tag","embeddable":true,"href":"https:\/\/notinor.com\/jujuy\/wp-json\/wp\/v2\/tags?post=58898"}],"curies":[{"name":"wp","href":"https:\/\/api.w.org\/{rel}","templated":true}]}}