{"id":57331,"date":"2016-01-07T14:45:30","date_gmt":"2016-01-07T17:45:30","guid":{"rendered":"http:\/\/notinor.com\/jujuy\/?p=57331"},"modified":"2016-01-07T16:28:35","modified_gmt":"2016-01-07T19:28:35","slug":"milagro-sala-en-exclusiva-el-acampe-sigue-en-pie-hasta-que-haya-solucion","status":"publish","type":"post","link":"https:\/\/notinor.com\/jujuy\/milagro-sala-en-exclusiva-el-acampe-sigue-en-pie-hasta-que-haya-solucion\/","title":{"rendered":"Milagro Sala en exclusiva:  el acampe sigue en pie \"hasta que haya soluci\u00f3n\""},"content":{"rendered":"<p>NOTINOR.COM\u00a0 concurri\u00f3 a la plaza tomada donde varios centenares de carpas ocupan los jardines del principal paseo de los juje\u00f1os a dialogar con Milagro Sala, la cabeza visible del acampe, que determin\u00f3 \u00e9sta medida de fuerza ante la negativa del gobernador Gerardo Morales de recibirla.<\/p>\n<p>Ante nuestra consulta sobre por qu\u00e9 cree que el gobernador no quiere recibirla, aun despu\u00e9s de 24 d\u00edas de acampe frente al palacio de gobierno, Milagro Sala hizo un gesto de perplejidad, indicando no saber y no entender la intransigencia de Gerardo Morales y lament\u00f3: <strong>\"la verdad que creo que no est\u00e1 cumpliendo con lo prometido en la campa\u00f1a, que era \"gobernar para todos\" y lamentablemente vemos que est\u00e1 gobernando para los sectores que lo han votado; est\u00e1 gobernando para la UCR, para Primero Jujuy y para nadie m\u00e1s\".<\/strong><\/p>\n<p>Confrontada con los dichos del gobernador que ocupan los titulares de los diarios, que hacen referencia a irregularidades en el manejo de los fondos que administran las organizaciones sociales, tales como un sobrante de 50 mil bolsones, el cobro de dinero por la entrega de bolsones de ayuda, o un importante sobrante de $9 millones en la distribuci\u00f3n de los fondos, la l\u00edder tupaquera respondi\u00f3 <strong>\"c\u00f3mo ser\u00e1 que hablan de tantas irregularidades cuando hay socios de \u00e9l que tienen muchas m\u00e1s irregularidades que cualquier otro.\u00a0 No s\u00e9 de d\u00f3nde saca esos 50 mil bolsones que dice que le sobraron, \u00bfser\u00e1 porque a nosotros no nos dieron los bolsones?\u00a0 A nosotros no nos dieron ni los bolsones navide\u00f1os, ni los bolsones comunes, no nos dieron la ayuda extraordinaria, no nos dieron nada.\u00a0 Yo creo que el solo cuenta los bolsones que le est\u00e1 dando a la gente de \u00e9l, en las localidades radicales o donde lo votaron\u2026 ah\u00ed est\u00e1n dando los bolsones\".<\/strong><\/p>\n<p>Sala insisti\u00f3 en que su gente est\u00e1 siendo discriminada y acus\u00f3 al gobernador de practicar el clientelismo pol\u00edtico que tanto ha criticado durante a\u00f1os, en especial en la campa\u00f1a: <strong>\"Si sos peronista no te dan el bols\u00f3n.\u00a0 El est\u00e1 haciendo clientelismo y discriminaci\u00f3n.\u00a0 El est\u00e1 recibiendo solo a sus cooperativas y les da beneficios a la gente de ellos y a todos nosotros nos dejaron afuera porque no nos dieron nada\".<\/strong><\/p>\n<p>Si bien la l\u00edder tupaquera lamenta que hayan personas afectadas por la medida de fuerza que lleva adelante, puso de relieve que las cr\u00edticas de la sociedad no solo est\u00e1n dirigidas a ella por el acampe, o por los perjuicios que dicen sufrir algunos comerciantes, <strong>\"La gente no nos hace cr\u00edticas solamente a nosotros.\u00a0 Otra cosa es lo que publican los diarios.\u00a0 La gente tambi\u00e9n lo critica al gobernador por no recibirnos, porque no hay una apertura de di\u00e1logo.\u00a0 Hay una solicitada de comerciantes y cooperativas que lo demuestra\".<\/strong><\/p>\n<p>Confrontada con el rechazo que expresa gran parte de la sociedad por el acampe, manifest\u00f3:\u00a0 <strong>\"Nosotros estamos llevando adelante una medida muy pac\u00edfica, no estamos tirando bombas de estruendo ni quemando gomas.\u00a0 Lo \u00fanico que estamos pidiendo es una apertura del di\u00e1logo y ser escuchados, y la continuaci\u00f3n de las obras tanto nacionales como provinciales.\u00a0 No estamos pidiendo otra cosa que ser recibidos y escuchados.\u00a0 No queremos cogobernar ni nada de lo que \u00e9l anda diciendo\",<\/strong> expres\u00f3.<\/p>\n<p>Consultada sobre si un m\u00e9todo que violenta leyes y derechos constitucionales, y que est\u00e1 tipificado como delito en el c\u00f3digo penal, es el m\u00e1s adecuado para pedir di\u00e1logo, Sala se\u00f1al\u00f3: <strong>\"No tenemos otro m\u00e9todo lamentablemente, hemos pedido audiencias mediante tres notas y no nos quiso recibir.\u00a0 No s\u00e9 qu\u00e9 otra medida podr\u00edamos hacer cuando ya hemos tratado por los caminos institucionales\".<\/strong><\/p>\n<p>En \u00e9sta misma l\u00ednea agreg\u00f3 <strong>\"estamos pidiendo por favor que nos reciba, no solo a Milagro Sala sino a todas las organizaciones sociales que componen la red.\u00a0 Si \u00e9l no nos quiere recibir, no tenemos otra medida para pedir el di\u00e1logo\".<\/strong>\u00a0 Y asegur\u00f3 <strong>\"no vamos a ir a cortar rutas y puentes, o a salir a quemar gomas.\u00a0 Creemos que esta es la medida que perjudica menos, no tenemos otro camino\".<\/strong><\/p>\n<p>Ante la pregunta puntual sobre si desde sus organizaciones y bloque legislativo hubo alguna iniciativa en pos del di\u00e1logo, sostuvo: <strong>\"Se pidi\u00f3 audiencia con el bloque del Frente para la Victoria, Primero Jujuy y la Uni\u00f3n C\u00edvica Radical.\u00a0 Los \u00fanicos que nos atendieron fueron del FPV\".<\/strong><\/p>\n<p><strong>\"El se\u00f1or Obispo tambi\u00e9n pidi\u00f3 hablar con el gobernador para interceder, y tampoco lo ha recibido al Obispo y lo hizo atender por el ministro de Gobierno Agust\u00edn Perassi\"<\/strong>, a\u00f1adi\u00f3.<\/p>\n<h2><strong>C\u00d3MO ES EL ACAMPE Y LA LOG\u00cdSTICA<\/strong><\/h2>\n<p>Milagro Sala nos gui\u00f3 por el acampe para conocer a las personas que acampan y para hacernos notar que las personas que est\u00e1n all\u00ed no est\u00e1n obligadas por nadie -al menos eso aseguraron-, sino que est\u00e1n por voluntad propia, y que son justamente estas personas las que pr\u00e1cticamente tienen obligada a Milagro Sala a mantener el acampe.<\/p>\n<p>Se acercan a saludar y dar testimonios de lo que significa para ellos el trabajo, la oportunidad de estudiar o capacitarse, el acceso a la salud y servicios que aseguran no tendr\u00edan si no existir\u00edan las organizaciones sociales. \u00a0<strong>\"Somos gente de asentamientos, de villas, y de lugares del interior donde no llega el Estado\",<\/strong> aseguraron<strong>.\u00a0 \"Todo lo hemos hecho con trabajo, hemos hecho natatorios para disfrutar de nuestros descansos, centros de salud para atendernos, establecimientos para educarnos, y si no lo hac\u00edamos nosotros no nos lo daba nadie\",<\/strong>\u00a0sostuvieron.<\/p>\n<p><a href=\"http:\/\/notinor.com\/jujuy\/wp-content\/uploads\/2016\/01\/milagro-gente.jpg\"><img decoding=\"async\" loading=\"lazy\" class=\"alignnone size-medium wp-image-57347\" src=\"http:\/\/notinor.com\/jujuy\/wp-content\/uploads\/2016\/01\/milagro-gente-300x180.jpg\" alt=\"milagro gente\" width=\"300\" height=\"180\" srcset=\"https:\/\/notinor.com\/jujuy\/wp-content\/uploads\/2016\/01\/milagro-gente-300x180.jpg 300w, https:\/\/notinor.com\/jujuy\/wp-content\/uploads\/2016\/01\/milagro-gente-416x250.jpg 416w, https:\/\/notinor.com\/jujuy\/wp-content\/uploads\/2016\/01\/milagro-gente-900x540.jpg 900w, https:\/\/notinor.com\/jujuy\/wp-content\/uploads\/2016\/01\/milagro-gente.jpg 960w\" sizes=\"(max-width: 300px) 100vw, 300px\" \/><\/a>\u00a0<a href=\"http:\/\/notinor.com\/jujuy\/wp-content\/uploads\/2016\/01\/acampe-3-gente.jpg\"><img decoding=\"async\" loading=\"lazy\" class=\"alignnone size-medium wp-image-57348\" src=\"http:\/\/notinor.com\/jujuy\/wp-content\/uploads\/2016\/01\/acampe-3-gente-300x180.jpg\" alt=\"acampe 3 gente\" width=\"300\" height=\"180\" srcset=\"https:\/\/notinor.com\/jujuy\/wp-content\/uploads\/2016\/01\/acampe-3-gente-300x180.jpg 300w, https:\/\/notinor.com\/jujuy\/wp-content\/uploads\/2016\/01\/acampe-3-gente-416x250.jpg 416w, https:\/\/notinor.com\/jujuy\/wp-content\/uploads\/2016\/01\/acampe-3-gente-900x540.jpg 900w, https:\/\/notinor.com\/jujuy\/wp-content\/uploads\/2016\/01\/acampe-3-gente.jpg 960w\" sizes=\"(max-width: 300px) 100vw, 300px\" \/><\/a><\/p>\n<p><strong>\"Yo quise renunciar a representarlos, puse a disposici\u00f3n mi renuncia a la diputac\u00eda al Parlasur, quise renunciar a estar al frente de la Tupac, y la Asamblea de los compa\u00f1eros me lo rechaz\u00f3\",<\/strong> asegur\u00f3 Sala.<\/p>\n<p><strong>\"Est\u00e1n en juego 3800 puestos de trabajo de la Tupac Amaru y otros 20 mil de las organizaciones que integran la red\"<\/strong>, grafic\u00f3 Sala.<\/p>\n<p><strong>\"No solo se trata de cooperativas de construcci\u00f3n, sino que hay establecimientos educativos, centros de salud, centros de atenci\u00f3n a discapacitados, centros de recreaci\u00f3n y deportes\",<\/strong> puntualiz\u00f3.<\/p>\n<p>Hay docentes de la escuela Bartolina Sisa y del Instituto Germ\u00e1n Abdala; hay m\u00e9dicos, dentistas, y otros profesionales de la salud, provenientes de los distintos centros de salud de la organizaci\u00f3n, que montaron un puesto de campa\u00f1a para atender a la gente del acampe<strong>. \"Vendemos panchitos y sandwiches para poder comprar los insumos m\u00e9dicos y el combustible para la ambulancia\",<\/strong> dijo una m\u00e9dica de apellido Huerta.<\/p>\n<p><a href=\"http:\/\/notinor.com\/jujuy\/wp-content\/uploads\/2016\/01\/acampe-3-dres.jpg\"><img decoding=\"async\" loading=\"lazy\" class=\"alignnone size-medium wp-image-57341\" src=\"http:\/\/notinor.com\/jujuy\/wp-content\/uploads\/2016\/01\/acampe-3-dres-300x180.jpg\" alt=\"acampe 3 dres\" width=\"300\" height=\"180\" srcset=\"https:\/\/notinor.com\/jujuy\/wp-content\/uploads\/2016\/01\/acampe-3-dres-300x180.jpg 300w, https:\/\/notinor.com\/jujuy\/wp-content\/uploads\/2016\/01\/acampe-3-dres-416x250.jpg 416w, https:\/\/notinor.com\/jujuy\/wp-content\/uploads\/2016\/01\/acampe-3-dres-900x540.jpg 900w, https:\/\/notinor.com\/jujuy\/wp-content\/uploads\/2016\/01\/acampe-3-dres.jpg 960w\" sizes=\"(max-width: 300px) 100vw, 300px\" \/><\/a>\u00a0<a href=\"http:\/\/notinor.com\/jujuy\/wp-content\/uploads\/2016\/01\/acampe-3-abdala.jpg\"><img decoding=\"async\" loading=\"lazy\" class=\"alignnone size-medium wp-image-57344\" src=\"http:\/\/notinor.com\/jujuy\/wp-content\/uploads\/2016\/01\/acampe-3-abdala-300x180.jpg\" alt=\"acampe 3 abdala\" width=\"300\" height=\"180\" srcset=\"https:\/\/notinor.com\/jujuy\/wp-content\/uploads\/2016\/01\/acampe-3-abdala-300x180.jpg 300w, https:\/\/notinor.com\/jujuy\/wp-content\/uploads\/2016\/01\/acampe-3-abdala-416x250.jpg 416w, https:\/\/notinor.com\/jujuy\/wp-content\/uploads\/2016\/01\/acampe-3-abdala-900x540.jpg 900w, https:\/\/notinor.com\/jujuy\/wp-content\/uploads\/2016\/01\/acampe-3-abdala.jpg 960w\" sizes=\"(max-width: 300px) 100vw, 300px\" \/><\/a><\/p>\n<p><a href=\"http:\/\/notinor.com\/jujuy\/wp-content\/uploads\/2016\/01\/acampe-3-bartolina.jpg\"><img decoding=\"async\" loading=\"lazy\" class=\"alignnone size-medium wp-image-57345\" src=\"http:\/\/notinor.com\/jujuy\/wp-content\/uploads\/2016\/01\/acampe-3-bartolina-300x180.jpg\" alt=\"acampe 3 bartolina\" width=\"300\" height=\"180\" srcset=\"https:\/\/notinor.com\/jujuy\/wp-content\/uploads\/2016\/01\/acampe-3-bartolina-300x180.jpg 300w, https:\/\/notinor.com\/jujuy\/wp-content\/uploads\/2016\/01\/acampe-3-bartolina-416x250.jpg 416w, https:\/\/notinor.com\/jujuy\/wp-content\/uploads\/2016\/01\/acampe-3-bartolina-900x540.jpg 900w, https:\/\/notinor.com\/jujuy\/wp-content\/uploads\/2016\/01\/acampe-3-bartolina.jpg 960w\" sizes=\"(max-width: 300px) 100vw, 300px\" \/><\/a>\u00a0<a href=\"http:\/\/notinor.com\/jujuy\/wp-content\/uploads\/2016\/01\/acampe-3-enfermeros.jpg\"><img decoding=\"async\" loading=\"lazy\" class=\"alignnone size-medium wp-image-57346\" src=\"http:\/\/notinor.com\/jujuy\/wp-content\/uploads\/2016\/01\/acampe-3-enfermeros-300x180.jpg\" alt=\"acampe 3 enfermeros\" width=\"300\" height=\"180\" srcset=\"https:\/\/notinor.com\/jujuy\/wp-content\/uploads\/2016\/01\/acampe-3-enfermeros-300x180.jpg 300w, https:\/\/notinor.com\/jujuy\/wp-content\/uploads\/2016\/01\/acampe-3-enfermeros-416x250.jpg 416w, https:\/\/notinor.com\/jujuy\/wp-content\/uploads\/2016\/01\/acampe-3-enfermeros-900x540.jpg 900w, https:\/\/notinor.com\/jujuy\/wp-content\/uploads\/2016\/01\/acampe-3-enfermeros.jpg 960w\" sizes=\"(max-width: 300px) 100vw, 300px\" \/><\/a><\/p>\n<p>Justamente, el acampe lo mantienen con sus propios bolsillos, <strong>\u201cNadie nos manda plata, como dicen, para esto\u201d<\/strong>, asegur\u00f3 Sala.\u00a0 Las copas de leche, los profesionales, los docentes, la gente del interior... todos tienen organizado un puesto de venta de comida a precios casi irrisorios, para poder mantener el acampe mediante la venta cuyos fondos hacen circular.\u00a0 La misma organizaci\u00f3n instal\u00f3 una cocina comunitaria a le\u00f1a, donde hacen bollos, pastaflolas y pizzas.\u00a0 De \u00e9sta manera, todos pueden comer y reponen la mercader\u00eda para al d\u00eda siguiente poder seguir comiendo y manteniendo el acampe.<\/p>\n<p><a href=\"http:\/\/notinor.com\/jujuy\/wp-content\/uploads\/2016\/01\/acampe-3-horno.jpg\"><img decoding=\"async\" loading=\"lazy\" class=\"alignnone size-medium wp-image-57342\" src=\"http:\/\/notinor.com\/jujuy\/wp-content\/uploads\/2016\/01\/acampe-3-horno-300x180.jpg\" alt=\"acampe 3 horno\" width=\"300\" height=\"180\" srcset=\"https:\/\/notinor.com\/jujuy\/wp-content\/uploads\/2016\/01\/acampe-3-horno-300x180.jpg 300w, https:\/\/notinor.com\/jujuy\/wp-content\/uploads\/2016\/01\/acampe-3-horno-416x250.jpg 416w, https:\/\/notinor.com\/jujuy\/wp-content\/uploads\/2016\/01\/acampe-3-horno-900x540.jpg 900w, https:\/\/notinor.com\/jujuy\/wp-content\/uploads\/2016\/01\/acampe-3-horno.jpg 960w\" sizes=\"(max-width: 300px) 100vw, 300px\" \/><\/a>\u00a0\u00a0<a href=\"http:\/\/notinor.com\/jujuy\/wp-content\/uploads\/2016\/01\/acampe-3-cocina.jpg\"><img decoding=\"async\" loading=\"lazy\" class=\"alignnone size-medium wp-image-57343\" src=\"http:\/\/notinor.com\/jujuy\/wp-content\/uploads\/2016\/01\/acampe-3-cocina-300x180.jpg\" alt=\"acampe 3 cocina\" width=\"300\" height=\"180\" srcset=\"https:\/\/notinor.com\/jujuy\/wp-content\/uploads\/2016\/01\/acampe-3-cocina-300x180.jpg 300w, https:\/\/notinor.com\/jujuy\/wp-content\/uploads\/2016\/01\/acampe-3-cocina-416x250.jpg 416w, https:\/\/notinor.com\/jujuy\/wp-content\/uploads\/2016\/01\/acampe-3-cocina-900x540.jpg 900w, https:\/\/notinor.com\/jujuy\/wp-content\/uploads\/2016\/01\/acampe-3-cocina.jpg 960w\" sizes=\"(max-width: 300px) 100vw, 300px\" \/><\/a><\/p>\n<p>Es cierto que hay un sistema de rotaci\u00f3n, admiti\u00f3 Milagro Sala.\u00a0 <strong>\"Si tendr\u00edamos que estar todos ac\u00e1, tendr\u00edamos que ocupar todas las calles del centro, \u00bfd\u00f3nde vamos a meter 50 mil personas ac\u00e1?\", <\/strong>asegur\u00f3.\u00a0 <strong>\"Por eso cada tres d\u00edas cambiamos y viene otra gente, pero todos est\u00e1n ac\u00e1 por lo mismo, para defender sus puestos de trabajo, cada uno cobra como m\u00ednimo $5 mil, $3800 de plan, y lo otro es lo que \u00e9sta en juego y nos quieren quitar, y no lo vamos a permitir\".<\/strong><\/p>\n<p><a href=\"http:\/\/notinor.com\/jujuy\/wp-content\/uploads\/2016\/01\/acampe-3-carpa.jpg\"><img decoding=\"async\" loading=\"lazy\" class=\" wp-image-57340 aligncenter\" src=\"http:\/\/notinor.com\/jujuy\/wp-content\/uploads\/2016\/01\/acampe-3-carpa-300x180.jpg\" alt=\"acampe 3 carpa\" width=\"457\" height=\"274\" srcset=\"https:\/\/notinor.com\/jujuy\/wp-content\/uploads\/2016\/01\/acampe-3-carpa-300x180.jpg 300w, https:\/\/notinor.com\/jujuy\/wp-content\/uploads\/2016\/01\/acampe-3-carpa-416x250.jpg 416w, https:\/\/notinor.com\/jujuy\/wp-content\/uploads\/2016\/01\/acampe-3-carpa-900x540.jpg 900w, https:\/\/notinor.com\/jujuy\/wp-content\/uploads\/2016\/01\/acampe-3-carpa.jpg 960w\" sizes=\"(max-width: 457px) 100vw, 457px\" \/><\/a><\/p>\n<p><strong>\"Pero eso s\u00ed, yo no roto como los dem\u00e1s, yo estoy ac\u00e1 todos los d\u00edas\"<\/strong>, asegur\u00f3.\u00a0 La gente dio fe de que es as\u00ed.\u00a0 Milagro Sala nos mostr\u00f3 la carpa donde duerme todas las noches junto a la gente del acampe a quienes se refiere como \u201ccompa\u00f1eros\u201d.<\/p>\n<h2><strong>\u00bfHASTA CU\u00c1NDO?<\/strong><\/h2>\n<p>Ante la consulta sobre si es verdad que son \"intermediarios\", como aseguran desde el gobierno, defini\u00f3:\u00a0 <strong>\"Nosotros no le cuestionamos a Gerardo Morales qui\u00e9n tiene que conducir la Uni\u00f3n C\u00edvica Radical, as\u00ed que le pedimos que no venga a cuestionar a los que conducen las organizaciones sociales.\u00a0 El no es quien para venir a decirnos qui\u00e9n tiene que conducir las organizaciones sociales, as\u00ed como nosotros no somos quienes para decirle qui\u00e9n tiene que conducir la UCR\".<\/strong><\/p>\n<p>A esto agreg\u00f3 <strong>\"Tampoco decimos qui\u00e9n tiene que conducir el PJ.\u00a0 Si el PJ decide que lo va a conducir Tecchi, digitado por Gerardo Morales, all\u00e1 ellos.\u00a0 Si el PJ se deja conducir por la UCR es cosa de ellos, pero nosotros no nos vamos a dejar conducir por la UCR\".<\/strong>\u00a0 Sobre este particular, sobre si tiene conocimiento de una supuesta alineaci\u00f3n de Rodolfo Tecchi \u00a0con Gerardo Morales, Sala respondi\u00f3<strong> \"Hay comentarios, los comentarios corren\".<\/strong><\/p>\n<p>Consultada sobre hasta cuando piensan mantener el acampe de Plaza Belgrano, Milagro Sala sentenci\u00f3 <strong>\"Hasta que haya soluci\u00f3n.\u00a0 La soluci\u00f3n va a estar en la continuidad de las obras tanto nacionales como provinciales, queremos respeto hacia las organizaciones sociales que venimos hace 17 a\u00f1os trabajando\".<\/strong><\/p>\n<p>Milagro Sala finaliz\u00f3 expresando:\u00a0 \u00a0<strong>\"Violencia significa no atender; violencia significa dejar a gente sin trabajo.\u00a0 Las organizaciones sociales no son \u00fanicamente cooperativas de construcci\u00f3n de viviendas.\u00a0 De las organizaciones sociales dependen los centros de salud, el sector de educaci\u00f3n, deportes, copas de leche, atenci\u00f3n para ni\u00f1os discapacitados, centros de recreaci\u00f3n, centros de ayuda a las madres solteras y v\u00edctimas de violencia de g\u00e9nero.\u00a0 Son muchos los sectores y \u00e9ste gobierno cree que todo pasa por las cooperativas.\u00a0 Las organizaciones sociales existen desde hace tiempo, trabajan all\u00ed donde el Estado est\u00e1 ausente, y \u00e9l <\/strong>\u2013Gerardo Morales-<strong> nos est\u00e1 ninguneando a nosotros, y nosotros no nos vamos a dejar ningunear.\u00a0 Lo que tenemos lo hemos hecho con el esfuerzo y el trabajo de todos.\u00a0 Yo no me enriquec\u00ed con esto.\u00a0 Que diga lo que quiera decir, que acuse lo que quiera acusar, nosotros estamos seguros de ad\u00f3nde apuntamos y lo que queremos.\u00a0 Nosotros estamos apuntando al di\u00e1logo, est\u00e1n las pruebas de que hemos apostado al di\u00e1logo a trav\u00e9s de notas y caminos institucionales.\u00a0 Lamento que haya medios que nos acusan de ser violentos, cuando no pueden demostrar qu\u00e9 gestos de violencia tenemos.\u00a0 Por ejemplo, nos acusaron de la muerte del joven Ariel Vel\u00e1squez, nosotros demostramos que no ten\u00edamos nada que ver, algo que corrobor\u00f3 la justicia a trav\u00e9s del juez y la fiscal, pero los medios nos acusaron y despu\u00e9s callaron nuestra inocencia\u2026 y no tuvieron la delicadeza de pedir disculpas.\u00a0 Estamos cansados de esta historia de acusaciones y mentiras que luego se comprueban falsas y que no nos pidan disculpas.\u00a0 Nosotros vamos a seguir por el camino que nos hemos propuesto y no por el camino que nos quieren imponer\".<\/strong><\/p>\n","protected":false},"excerpt":{"rendered":"<p>NOTINOR.COM\u00a0 concurri\u00f3 a la plaza tomada donde varios centenares de carpas ocupan los jardines del principal paseo de los juje\u00f1os a dialogar con Milagro Sala, la cabeza visible del acampe, que determin\u00f3 \u00e9sta medida de fuerza ante la negativa del gobernador Gerardo Morales de recibirla. Ante nuestra consulta sobre por qu\u00e9 cree que el gobernador [&hellip;]<\/p>\n","protected":false},"author":1,"featured_media":57350,"comment_status":"open","ping_status":"open","sticky":false,"template":"","format":"standard","meta":{"_stopmodifiedupdate":false,"_modified_date":"","inline_featured_image":false},"categories":[493,501],"tags":[],"jetpack_featured_media_url":"https:\/\/notinor.com\/jujuy\/wp-content\/uploads\/2016\/01\/milagro-acampe.jpg","_links":{"self":[{"href":"https:\/\/notinor.com\/jujuy\/wp-json\/wp\/v2\/posts\/57331"}],"collection":[{"href":"https:\/\/notinor.com\/jujuy\/wp-json\/wp\/v2\/posts"}],"about":[{"href":"https:\/\/notinor.com\/jujuy\/wp-json\/wp\/v2\/types\/post"}],"author":[{"embeddable":true,"href":"https:\/\/notinor.com\/jujuy\/wp-json\/wp\/v2\/users\/1"}],"replies":[{"embeddable":true,"href":"https:\/\/notinor.com\/jujuy\/wp-json\/wp\/v2\/comments?post=57331"}],"version-history":[{"count":4,"href":"https:\/\/notinor.com\/jujuy\/wp-json\/wp\/v2\/posts\/57331\/revisions"}],"predecessor-version":[{"id":57353,"href":"https:\/\/notinor.com\/jujuy\/wp-json\/wp\/v2\/posts\/57331\/revisions\/57353"}],"wp:featuredmedia":[{"embeddable":true,"href":"https:\/\/notinor.com\/jujuy\/wp-json\/wp\/v2\/media\/57350"}],"wp:attachment":[{"href":"https:\/\/notinor.com\/jujuy\/wp-json\/wp\/v2\/media?parent=57331"}],"wp:term":[{"taxonomy":"category","embeddable":true,"href":"https:\/\/notinor.com\/jujuy\/wp-json\/wp\/v2\/categories?post=57331"},{"taxonomy":"post_tag","embeddable":true,"href":"https:\/\/notinor.com\/jujuy\/wp-json\/wp\/v2\/tags?post=57331"}],"curies":[{"name":"wp","href":"https:\/\/api.w.org\/{rel}","templated":true}]}}