{"id":57055,"date":"2016-01-05T08:17:46","date_gmt":"2016-01-05T11:17:46","guid":{"rendered":"http:\/\/notinor.com\/jujuy\/?p=57055"},"modified":"2016-01-05T08:17:46","modified_gmt":"2016-01-05T11:17:46","slug":"abren-las-puertas-al-desarrollo-agricola-en-el-noa","status":"publish","type":"post","link":"https:\/\/notinor.com\/jujuy\/abren-las-puertas-al-desarrollo-agricola-en-el-noa\/","title":{"rendered":"Abren las puertas al desarrollo agr\u00edcola en el NOA"},"content":{"rendered":"<p>En este sentido, el Administrador General del Ingenio Ledesma, Lic. Federico Gatti, se\u00f1al\u00f3 \u201cvemos al 2016 con grandes expectativas para el sector ya que el reciente anuncio de aumento del corte de las naftas del 10% al 12% de bioetanol por parte del gobierno nacional va ser un incentivo muy importante tanto para los productores ca\u00f1eros como para la industria en general\u201d. Agregando que luego de su oficializaci\u00f3n \u201chabr\u00e1 que distribuir ese dos por ciento entre las provincias del NOA donde entendemos hay un buen dialogo entre las instituciones ca\u00f1eras por lo cual creo que r\u00e1pidamente se llegar\u00e1 a un acuerdo que sea beneficioso para todo el sector\u201d. Por ejemplo \u201cnosotros desde Ledesma venimos participando a nuestros productores ca\u00f1eros con la maquila de alcohol y en este sentido no tenemos problemas\u201d, asegur\u00f3.<\/p>\n<p>Respecto al desarrollo de las plantaciones con miras a la pr\u00f3xima zafra, expres\u00f3 \u201cesperamos que el tiempo nos siga acompa\u00f1ando como hasta ahora donde las recientes lluvias est\u00e1n siendo importantes para el buen desarrollo de los ca\u00f1averales\u201d. Durante el receso \u201cvamos a empezar a realizar las inversiones correspondientes en f\u00e1brica para poder moler la mayor cantidad de ca\u00f1a posible con el objetivo de producir bastante az\u00facar\u201d\u00a0 y ahora \u201cm\u00e1s bioetanol que es el combustible del futuro que nos ha permitido generar un nuevo negocio con mayor rentabilidad, con m\u00e1s inversiones y mano de obra genuina en el norte lo cual nos pone muy contentos\u201d, destac\u00f3.<\/p>\n<p>En el mismo sentido, El Presidente de la Sociedad Rural Juje\u00f1a, Ing. Gabriel Macina, calific\u00f3 a las medidas implementadas por el gobierno nacional como alentadoras para la actividad productiva en la regi\u00f3n. En este sentido se\u00f1al\u00f3 que las mismas impactar\u00e1n positivamente tanto en desarrollo del sector productivo como en la mejora de la calidad de vida la poblaci\u00f3n en general.<\/p>\n<p>Por su parte, Osmar Monaldi, reconocido empresario agr\u00edcola de Jujuy y Salta, expres\u00f3 \u201ccon la implementaci\u00f3n de la salida del cepo al d\u00f3lar y la eliminaci\u00f3n del 5% a la soja estamos mucho mejor para continuar con\u00a0 la producci\u00f3n que hace dos meses atr\u00e1s\u201d. Y si sumado a esto \u201cse logra que haya 500 kil\u00f3metros libres de flete vamos a estar nuevamente en una situaci\u00f3n competitiva\u201d, asegur\u00f3.<\/p>\n<p>Porque antes \u201cpr\u00e1cticamente no hab\u00eda negocio posible de hacer debido al tipo de cambio, un mercado internacional complicado y a las retenciones entre otros factores\u201d. Mientras que ahora \u201cvemos de nuevo una luz en el fondo del t\u00fanel lo cual no quiere decir que vamos estar s\u00faper bien pero obviamente el negocio se lo empieza a ver de nuevo\u201d, afirm\u00f3. Agregando \u201ccreo que con el correr de los meses y a\u00f1os posteriores se va a volver a revalorizar\u00a0 la zona productiva como era antes\u201d, enfatiz\u00f3. Por \u00faltimo indic\u00f3 \u201cen estos momentos se ha comenzado a sembrar y sobre todo se volvi\u00f3 a sembrar ma\u00edz que se hab\u00eda descartado con lo cual podemos decir que de nuevo estamos en una situaci\u00f3n competitiva\u201d, remarc\u00f3.<\/p>\n<p><strong>BENEFICIOS PARA EL SECTOR EXPORTADOR<\/strong><\/p>\n<p>El Ing. Horacio Bartoletti, Vicepresidente de la C\u00e1mara del Tabaco de Jujuy, se\u00f1al\u00f3 \u201cvemos al 2016 con muchas esperanzas y entusiasmo m\u00e1s all\u00e1 de todos los problemas que tuvimos en los \u00faltimos a\u00f1os como todas las econom\u00edas regionales tanto por los costos, tipo de cambio, inflaci\u00f3n entre otros factores\u201d, indic\u00f3.<\/p>\n<p>Mientras que ahora \u201cvemos una oportunidad y una puerta de esperanza que se nos abre con nuevas pol\u00edticas que indudablemente favorecen a los sectores exportadores o por lo menos lo ponen en competitividad nuevamente y all\u00ed est\u00e1 inserto el tabaco\u201d. Por esta raz\u00f3n \u201ccreo que est\u00e1s medidas que se han tomado a nivel nacional indudablemente nos van a beneficiar porque nuestra provincia es netamente exportadora de tabaco\u201d aunque esto \u201cindudablemente tambi\u00e9n va depender de las posibilidades de venta del tabaco y del mercado en general que en estos dos \u00faltimos a\u00f1os ha sufrido una crisis en el mundo restringi\u00e9ndose la demanda lo cual ha provocado que la oferta tambi\u00e9n baje raz\u00f3n por la cual los pa\u00edses productores en general han disminuido su producci\u00f3n\u201d, inform\u00f3. Ahora esperamos \u201cque el ciclo que siempre recorren las materias primas, de precios altos - precios bajos, comience una carrera ascendente hacia mejores precios lo cual mejora las expectativas al productor y por supuesto para la actividad en general y la reinversi\u00f3n como siempre se hace en nuestra provincia\u201d, concluy\u00f3.<\/p>\n<p>Por otra parte, el Presidente de la C\u00e1mara Minera, Nilo Carri\u00f3n, expres\u00f3 \u201clas expectativas por lo general siempre son esperanzadoras cuando finaliza un ciclo m\u00e1s all\u00e1 que ha sido un a\u00f1o dif\u00edcil y complicado para el sector por cuestiones macro de precios internacionales ya que hubo una ca\u00edda de los precios de los metales\u201d pero las actividades en Jujuy \u201cse han sostenido con un esfuerzo muy grande de las empresas fundamentalmente\u201d, remarc\u00f3. Agregando que \u201clos cambios que se han producido tanto a nivel nacional como provincial dan un aire fresco para ir pensando c\u00f3mo podemos empezar a trabajar en el 2016\u201d. Debido a esto \u201cesperamos que se mejoren las condiciones para ir apostando al crecimiento de esta actividad que nosotros tenemos muchas esperanzas en seguir desarroll\u00e1ndola en esta provincia porque tiene un potencial muy importante. Creo que se abre una a\u00f1o importante con buenas expectativas\u201d, destac\u00f3.<\/p>\n<p><strong>TRABAJO EN CONJUNTO<\/strong><\/p>\n<p>El Subsecretario de Planificaci\u00f3n Productiva del Gobierno de Salta, German Albrecht, dijo \u201cnosotros como salte\u00f1os tambi\u00e9n estamos yendo hacia un momento de cambio y del futuro que se viene donde sin lugar a dudas creo que trabajando codo a codo ambas provincias como una regi\u00f3n vamos a poder sacar todas las pol\u00edticas p\u00fabicas agropecuarias necesarias para poder desarrollar mejor nuestras producciones\u201d. Agregando \u201cesto nos va permitir darle a todos los productores de la regi\u00f3n y la poblaci\u00f3n del NOA en general una mejor calidad de vida y un mejor desarrollo por lo cual estamos muy contentos con todo esto\u201d, asegur\u00f3.<\/p>\n<p>Asimismo expres\u00f3 \u201cvemos al 2016 con una reactivaci\u00f3n de todo lo que es infraestructura para poder salir a los puertos ahora que se liberaron todas las exportaciones raz\u00f3n por la cual nos espera un trabajo muy grande y en este sentido vamos a tener que estar a la altura de todos los anuncios que se est\u00e1n realizando por parte del gobierno nacional\u201d. En este sentido se\u00f1al\u00f3 \u201ccon el plan Belgrano vienen obras de importancia para todo el norte lo cual os va permitir tener otra perspectiva de crecimiento\u201d, destac\u00f3 el funcionario salte\u00f1o durante su visita a nuestra\u00a0 provincia.<\/p>\n<p><strong>REUNI\u00d3N CON EL MINISTRO BURYAILE <\/strong><\/p>\n<p>El ministro de Agroindustria, Ricardo Buryaile, junto con el jefe de Gabinete, Guillermo Bernaudo y los secretarios de Coordinaci\u00f3n y Desarrollo Territorial, Santiago Hardie, y de Agricultura, Ganader\u00eda y Pesca, Ricardo Negri, se reunieron esta semana con el ministro de Desarrollo Econ\u00f3mico y Productivo de la provincia de Jujuy, Juan Carlos Abud Robles, para analizar los principales aspectos productivos de la provincia y cuestiones vinculadas al desarrollo del sector.<\/p>\n<p>\u201cAprovechamos esta reuni\u00f3n para conocer a las nuevas autoridades nacionales del sector agropecuario y exponer algunos temas que tiene la provincia de Jujuy en este momento, como por ejemplo la situaci\u00f3n de los ingenios y el tabaco\u201d, destac\u00f3 Abud Robles al finalizar el encuentro en la sede de la cartera nacional.<\/p>\n<p>Asimismo, el Ministro de desarrollo econ\u00f3mico y productivo de Jujuy, destac\u00f3: \u201cnos vamos muy contentos con el recibimiento por parte del Ministro y miembros de su gabinete. Nuestro objetivo com\u00fan es poder trabajar de manera conjunta y vemos una gran predisposici\u00f3n por parte del Ministerio de Agroindustria para que esto suceda. Ya nos comprometimos a enviarle cuanto antes los informes espec\u00edficos de los temas que tratamos en la reuni\u00f3n para poder avanzar r\u00e1pidamente en su resoluci\u00f3n\u201d, concluy\u00f3.<\/p>\n","protected":false},"excerpt":{"rendered":"<p>En este sentido, el Administrador General del Ingenio Ledesma, Lic. Federico Gatti, se\u00f1al\u00f3 \u201cvemos al 2016 con grandes expectativas para el sector ya que el reciente anuncio de aumento del corte de las naftas del 10% al 12% de bioetanol por parte del gobierno nacional va ser un incentivo muy importante tanto para los productores [&hellip;]<\/p>\n","protected":false},"author":1,"featured_media":57056,"comment_status":"open","ping_status":"open","sticky":false,"template":"","format":"standard","meta":{"_stopmodifiedupdate":false,"_modified_date":"","inline_featured_image":false},"categories":[485],"tags":[],"jetpack_featured_media_url":"https:\/\/notinor.com\/jujuy\/wp-content\/uploads\/2016\/01\/DSC_1613.jpg","_links":{"self":[{"href":"https:\/\/notinor.com\/jujuy\/wp-json\/wp\/v2\/posts\/57055"}],"collection":[{"href":"https:\/\/notinor.com\/jujuy\/wp-json\/wp\/v2\/posts"}],"about":[{"href":"https:\/\/notinor.com\/jujuy\/wp-json\/wp\/v2\/types\/post"}],"author":[{"embeddable":true,"href":"https:\/\/notinor.com\/jujuy\/wp-json\/wp\/v2\/users\/1"}],"replies":[{"embeddable":true,"href":"https:\/\/notinor.com\/jujuy\/wp-json\/wp\/v2\/comments?post=57055"}],"version-history":[{"count":1,"href":"https:\/\/notinor.com\/jujuy\/wp-json\/wp\/v2\/posts\/57055\/revisions"}],"predecessor-version":[{"id":57057,"href":"https:\/\/notinor.com\/jujuy\/wp-json\/wp\/v2\/posts\/57055\/revisions\/57057"}],"wp:featuredmedia":[{"embeddable":true,"href":"https:\/\/notinor.com\/jujuy\/wp-json\/wp\/v2\/media\/57056"}],"wp:attachment":[{"href":"https:\/\/notinor.com\/jujuy\/wp-json\/wp\/v2\/media?parent=57055"}],"wp:term":[{"taxonomy":"category","embeddable":true,"href":"https:\/\/notinor.com\/jujuy\/wp-json\/wp\/v2\/categories?post=57055"},{"taxonomy":"post_tag","embeddable":true,"href":"https:\/\/notinor.com\/jujuy\/wp-json\/wp\/v2\/tags?post=57055"}],"curies":[{"name":"wp","href":"https:\/\/api.w.org\/{rel}","templated":true}]}}