{"id":57052,"date":"2016-01-05T08:09:23","date_gmt":"2016-01-05T11:09:23","guid":{"rendered":"http:\/\/notinor.com\/jujuy\/?p=57052"},"modified":"2016-01-05T08:09:23","modified_gmt":"2016-01-05T11:09:23","slug":"nebbia-por-aumento-del-corte-destacamos-la-decision-del-gobierno","status":"publish","type":"post","link":"https:\/\/notinor.com\/jujuy\/nebbia-por-aumento-del-corte-destacamos-la-decision-del-gobierno\/","title":{"rendered":"Nebbia por aumento del corte: \"Destacamos la decisi\u00f3n del gobierno\""},"content":{"rendered":"<p>El presidente del Centro Azucarero Argentino (CAA), Fernando Nebbia, manifest\u00f3 que \u201cel anticipo formulado por el titular del Plan Belgrano, Dr. Jos\u00e9 Cano, de que el presidente Ing. Mauricio Macri ya ha tomado la decisi\u00f3n pol\u00edtica de aumentar en 2 puntos la participaci\u00f3n del bioetanol de ca\u00f1a de az\u00facar en la nafta que se expende en la Argentina, constituye una medida esperada y solicitada por el sector azucarero, que concurre a beneficiar y dar paliativos a la situaci\u00f3n que atraviesan la actividad y, por ende, las miles de personas que de una u otra forma la tienen como medio de vida\u201d.<\/p>\n<p>La decisi\u00f3n que pr\u00f3ximamente ser\u00e1 anunciada de manera oficial, implica llevar el corte de la nafta con bioetanil de 10 a 12%.<\/p>\n<p>\u201cLa medida representa un alivio que alcanza tanto a la industria como a los productores ca\u00f1eros, dado que ampl\u00eda el espectro para la utilizaci\u00f3n de nuestro producto b\u00e1sico. Puntualmente en referencia a la industria, contribuye a la mejor amortizaci\u00f3n de las inversiones en las plantas de producci\u00f3n de bioetanol\u00a0 y, en consecuencia, a una mayor utilizaci\u00f3n de la capacidad instalada\u201d, coment\u00f3 Nebbia.<\/p>\n<p>Asimismo dijo que \u201cla decisi\u00f3n beneficia nada menos que a la principal econom\u00eda regional del NOA, que hace esfuerzos visibles para sostener la producci\u00f3n de un insumo b\u00e1sico tan necesario para todos los argentinos como es el az\u00facar\u201d y \u201cconstituye un aporte a las balanzas comercial y energ\u00e9tica de la naci\u00f3n, por cuanto representar\u00e1 en lo inmediato una disminuci\u00f3n de las necesidades y de la importaci\u00f3n de combustibles.<\/p>\n<p>Por otra parte Nebbia destac\u00f3 que \u201ctambi\u00e9n implica un tributo a la mejor calidad de vida de los argentinos en materia medioambiental, dado que, el bioetanol es una energ\u00eda limpia, que contribuye a reducir las emisiones de gases con efecto invernadero\u201d.<\/p>\n<p>El presidente del CAA extendi\u00f3 \u201cel agradecimiento del sector a los gobernadores de las provincias del NOA que trabajaron e impulsaron el proyecto\u201d a la vez que manifest\u00f3 que \u201cal Dr. Cano se le transmiti\u00f3 el reconocimiento, como hombre de la regi\u00f3n, por su interpretaci\u00f3n de la necesidad del sector.<\/p>\n","protected":false},"excerpt":{"rendered":"<p>El presidente del Centro Azucarero Argentino (CAA), Fernando Nebbia, manifest\u00f3 que \u201cel anticipo formulado por el titular del Plan Belgrano, Dr. Jos\u00e9 Cano, de que el presidente Ing. Mauricio Macri ya ha tomado la decisi\u00f3n pol\u00edtica de aumentar en 2 puntos la participaci\u00f3n del bioetanol de ca\u00f1a de az\u00facar en la nafta que se expende [&hellip;]<\/p>\n","protected":false},"author":1,"featured_media":57053,"comment_status":"open","ping_status":"open","sticky":false,"template":"","format":"standard","meta":{"_stopmodifiedupdate":false,"_modified_date":"","inline_featured_image":false},"categories":[493],"tags":[],"jetpack_featured_media_url":"https:\/\/notinor.com\/jujuy\/wp-content\/uploads\/2016\/01\/Fernando-Nebbia.jpg","_links":{"self":[{"href":"https:\/\/notinor.com\/jujuy\/wp-json\/wp\/v2\/posts\/57052"}],"collection":[{"href":"https:\/\/notinor.com\/jujuy\/wp-json\/wp\/v2\/posts"}],"about":[{"href":"https:\/\/notinor.com\/jujuy\/wp-json\/wp\/v2\/types\/post"}],"author":[{"embeddable":true,"href":"https:\/\/notinor.com\/jujuy\/wp-json\/wp\/v2\/users\/1"}],"replies":[{"embeddable":true,"href":"https:\/\/notinor.com\/jujuy\/wp-json\/wp\/v2\/comments?post=57052"}],"version-history":[{"count":1,"href":"https:\/\/notinor.com\/jujuy\/wp-json\/wp\/v2\/posts\/57052\/revisions"}],"predecessor-version":[{"id":57054,"href":"https:\/\/notinor.com\/jujuy\/wp-json\/wp\/v2\/posts\/57052\/revisions\/57054"}],"wp:featuredmedia":[{"embeddable":true,"href":"https:\/\/notinor.com\/jujuy\/wp-json\/wp\/v2\/media\/57053"}],"wp:attachment":[{"href":"https:\/\/notinor.com\/jujuy\/wp-json\/wp\/v2\/media?parent=57052"}],"wp:term":[{"taxonomy":"category","embeddable":true,"href":"https:\/\/notinor.com\/jujuy\/wp-json\/wp\/v2\/categories?post=57052"},{"taxonomy":"post_tag","embeddable":true,"href":"https:\/\/notinor.com\/jujuy\/wp-json\/wp\/v2\/tags?post=57052"}],"curies":[{"name":"wp","href":"https:\/\/api.w.org\/{rel}","templated":true}]}}