{"id":56942,"date":"2016-01-04T09:29:19","date_gmt":"2016-01-04T12:29:19","guid":{"rendered":"http:\/\/notinor.com\/jujuy\/?p=56942"},"modified":"2016-01-04T09:31:03","modified_gmt":"2016-01-04T12:31:03","slug":"hinojo-el-dialogo-que-pregono-cambia-jujuy-en-su-campana-es-falso","status":"publish","type":"post","link":"https:\/\/notinor.com\/jujuy\/hinojo-el-dialogo-que-pregono-cambia-jujuy-en-su-campana-es-falso\/","title":{"rendered":"Hinojo: \u201cEl di\u00e1logo que pregon\u00f3 Cambia Jujuy en su campa\u00f1a es falso\u201d"},"content":{"rendered":"<p class=\"ecxMsoNormal\"><a href=\"http:\/\/notinor.com\/jujuy\/wp-content\/uploads\/2016\/01\/100_0037.jpg\"><img decoding=\"async\" loading=\"lazy\" class=\"size-medium wp-image-56945\" src=\"http:\/\/notinor.com\/jujuy\/wp-content\/uploads\/2016\/01\/100_0037-300x225.jpg\" alt=\"KODAK Digital Still Camera\" width=\"300\" height=\"225\" srcset=\"https:\/\/notinor.com\/jujuy\/wp-content\/uploads\/2016\/01\/100_0037-300x225.jpg 300w, https:\/\/notinor.com\/jujuy\/wp-content\/uploads\/2016\/01\/100_0037.jpg 778w\" sizes=\"(max-width: 300px) 100vw, 300px\" \/><\/a><\/p>\n<p class=\"ecxMsoNormal\">\u201cEl di\u00e1logo que pregonaron durante toda la campa\u00f1a es falso\u201d, as\u00ed se refer\u00eda el jefe del bloque de diputados provinciales del PJ, Javier Hinojo, al oficialismo parlamentario conformado por las bancadas de la UCR y del Frente Primero Jujuy, luego de la pol\u00e9mica sesi\u00f3n extraordinaria donde los legisladores que responden al esquema pol\u00edtico del gobierno dieran sanci\u00f3n a la Ley Impositiva enviada por el Ejecutivo. \u201cVenimos aprobando casi una treintena de leyes y el oficialismo no nos permiti\u00f3 corregir ni una coma en las redacciones de los proyectos que bajaron al recinto\u201d, reclam\u00f3.<\/p>\n<p class=\"ecxMsoNormal\">\u00a0Resalt\u00f3 que su bloque mostr\u00f3 una actitud constructiva, a pesar de que varias iniciativas que terminaron siendo aprobadas no alcanzaron a tener un an\u00e1lisis profundo y exhaustivo. \u201cTratamos en cada debate de realizar los aportes necesarios, pero observamos que el oficialismo en todos los casos termin\u00f3 subestimando a la oposici\u00f3n\u201d, explic\u00f3, a la vez de se\u00f1alar que cuando el PJ era el bloque del gobierno se requer\u00eda la presencia de funcionarios para que explayen sus conceptos en torno a un proyecto y as\u00ed contar con una informaci\u00f3n m\u00e1s acabada sobre el tema analizado, algo que no sucedi\u00f3 con la Ley Impositiva\u201d.<\/p>\n<p class=\"ecxMsoNormal\">\u00a0\u201cNo es necesario ni hace falta que nos lleven a los golpes y a las trompadas, porque como primera minor\u00eda merecemos otro trato y respeto. El PJ viene siendo respetuoso con el nuevo gobierno desde el 25 de octubre, cuando reconoci\u00f3 su derrota electoral y estableci\u00f3 un proceso de transici\u00f3n responsable y pol\u00edticamente adulto. Aprobamos el presupuesto 2016 con la anterior composici\u00f3n de la C\u00e1mara y le dimos al gobernador Morales todas las herramientas legales que necesitaba para comenzar una gesti\u00f3n ordenada y en paz\u201d.<\/p>\n<p class=\"ecxMsoNormal\">\u00a0\u201cLos peronistas somos respetuosos del voto popular. Jujuy eligi\u00f3 un cambio, pero estoy convencido que no eligi\u00f3 \u00e9ste cambio. Porque los juje\u00f1os no votaron lo que se vivi\u00f3 en los \u00faltimos veinte d\u00edas de diciembre en la Legislatura. La ciudadan\u00eda no vot\u00f3 que se elijan miembros de la Justicia de manera discrecional y a dedo, o que se apruebe un aumento en los impuestos provinciales de la noche a la ma\u00f1ana. Nuestro bloque pide una convivencia pol\u00edtica como se ven\u00eda dando cuando \u00e9ramos oficialismo, con di\u00e1logo y respeto, y no que se nos agreguen proyectos de ley a \u00faltima hora, sin el consenso de todos los bloques\u201d.<\/p>\n<p class=\"ecxMsoNormal\">\u00a0Record\u00f3 que en otros tiempos el PJ contaba con 29 diputados y para analizar proyectos enviados por el Ejecutivo llamaba a reuniones plenarias para que participaran todos los legisladores, invitaba a funcionarios del gobierno, recib\u00eda inquietudes y daba lugar a la correcci\u00f3n en el texto de cada iniciativa. Indic\u00f3 que lo hac\u00eda para que la ley sea representativa de toda la sociedad.<\/p>\n<p class=\"ecxMsoNormal\">\u00a0\u201cLes guste o n\u00f3 \u2013en un mensaje directo al radicalismo y a Primero Jujuy- el bloque justicialista representa a una gran cantidad de juje\u00f1os que optaron por nuestra alternativa en octubre \u00faltimo, pero la actitud asumida por el oficialismo no hace otra cosa que acallar esas voces y faltarle el respeto a la democracia y al movimiento pol\u00edtico m\u00e1s grande de Sudam\u00e9rica\u201d, subray\u00f3.<\/p>\n<p class=\"ecxMsoNormal\">\u00a0Por \u00faltimo, Hinojo remarc\u00f3 que mientras se siga desconociendo a los representantes de un importante sector de la sociedad en la Legislatura, el principal deterioro lo sufrir\u00e1n las instituciones de la democracia. Y avis\u00f3 que los c\u00f3digos de la convivencia pol\u00edtica dentro del recinto se deber\u00e1n volver a escribir, \u201cporque con la actitud del oficialismo, fueron arrojados por el piso\u201d.-<\/p>\n","protected":false},"excerpt":{"rendered":"<p>\u201cEl di\u00e1logo que pregonaron durante toda la campa\u00f1a es falso\u201d, as\u00ed se refer\u00eda el jefe del bloque de diputados provinciales del PJ, Javier Hinojo, al oficialismo parlamentario conformado por las bancadas de la UCR y del Frente Primero Jujuy, luego de la pol\u00e9mica sesi\u00f3n extraordinaria donde los legisladores que responden al esquema pol\u00edtico del gobierno [&hellip;]<\/p>\n","protected":false},"author":1,"featured_media":56945,"comment_status":"open","ping_status":"open","sticky":false,"template":"","format":"standard","meta":{"_stopmodifiedupdate":false,"_modified_date":"","inline_featured_image":false},"categories":[493],"tags":[],"jetpack_featured_media_url":"https:\/\/notinor.com\/jujuy\/wp-content\/uploads\/2016\/01\/100_0037.jpg","_links":{"self":[{"href":"https:\/\/notinor.com\/jujuy\/wp-json\/wp\/v2\/posts\/56942"}],"collection":[{"href":"https:\/\/notinor.com\/jujuy\/wp-json\/wp\/v2\/posts"}],"about":[{"href":"https:\/\/notinor.com\/jujuy\/wp-json\/wp\/v2\/types\/post"}],"author":[{"embeddable":true,"href":"https:\/\/notinor.com\/jujuy\/wp-json\/wp\/v2\/users\/1"}],"replies":[{"embeddable":true,"href":"https:\/\/notinor.com\/jujuy\/wp-json\/wp\/v2\/comments?post=56942"}],"version-history":[{"count":3,"href":"https:\/\/notinor.com\/jujuy\/wp-json\/wp\/v2\/posts\/56942\/revisions"}],"predecessor-version":[{"id":56948,"href":"https:\/\/notinor.com\/jujuy\/wp-json\/wp\/v2\/posts\/56942\/revisions\/56948"}],"wp:featuredmedia":[{"embeddable":true,"href":"https:\/\/notinor.com\/jujuy\/wp-json\/wp\/v2\/media\/56945"}],"wp:attachment":[{"href":"https:\/\/notinor.com\/jujuy\/wp-json\/wp\/v2\/media?parent=56942"}],"wp:term":[{"taxonomy":"category","embeddable":true,"href":"https:\/\/notinor.com\/jujuy\/wp-json\/wp\/v2\/categories?post=56942"},{"taxonomy":"post_tag","embeddable":true,"href":"https:\/\/notinor.com\/jujuy\/wp-json\/wp\/v2\/tags?post=56942"}],"curies":[{"name":"wp","href":"https:\/\/api.w.org\/{rel}","templated":true}]}}