{"id":56419,"date":"2016-01-01T09:59:23","date_gmt":"2016-01-01T12:59:23","guid":{"rendered":"http:\/\/notinor.com\/jujuy\/?p=56419"},"modified":"2016-01-02T11:24:13","modified_gmt":"2016-01-02T14:24:13","slug":"buscan-mejorar-la-competitividad-de-los-productos-exportables-de-la-region","status":"publish","type":"post","link":"https:\/\/notinor.com\/jujuy\/buscan-mejorar-la-competitividad-de-los-productos-exportables-de-la-region\/","title":{"rendered":"Villafa\u00f1e: \"Buscamos mejorar la competitividad de los productos exportables de la regi\u00f3n\""},"content":{"rendered":"<p><strong>C\u00e1mara de Comercio Exterior de Jujuy<\/strong><\/p>\n<p>Con resultados positivos avanzan las gestiones de la C\u00e1mara de Comercio Exterior de Jujuy (CCEJ) en busca de generar las condiciones de log\u00edstica e infraestructura necesarias a nivel regional que permitan hacer m\u00e1s competitivos los diferentes productos que ya se exportan por el Paso de Jama y los que tienen un gran potencial exportador en la regi\u00f3n\u201d. As\u00ed lo hizo saber a Preg\u00f3n, el Ing. Ra\u00fal Villafa\u00f1e, titular de la entidad juje\u00f1a, que impulsa fuertemente el proyecto \u201cEje de Capricornio\u201d que consiste en potenciar al Paso de Jama como v\u00eda de intercambio comercial del norte argentino con los pa\u00edses de la costa oeste de Am\u00e9rica y el sudeste asi\u00e1tico.<\/p>\n<p><a href=\"http:\/\/notinor.com\/jujuy\/wp-content\/uploads\/2015\/12\/villafa\u00f1e-en-camara-argentina-de-comercio-2.png\"><img decoding=\"async\" loading=\"lazy\" class=\"alignnone size-medium wp-image-56420\" src=\"http:\/\/notinor.com\/jujuy\/wp-content\/uploads\/2015\/12\/villafa\u00f1e-en-camara-argentina-de-comercio-2-300x142.png\" alt=\"villafa\u00f1e en camara argentina de comercio 2\" width=\"300\" height=\"142\" srcset=\"https:\/\/notinor.com\/jujuy\/wp-content\/uploads\/2015\/12\/villafa\u00f1e-en-camara-argentina-de-comercio-2-300x142.png 300w, https:\/\/notinor.com\/jujuy\/wp-content\/uploads\/2015\/12\/villafa\u00f1e-en-camara-argentina-de-comercio-2-1024x484.png 1024w, https:\/\/notinor.com\/jujuy\/wp-content\/uploads\/2015\/12\/villafa\u00f1e-en-camara-argentina-de-comercio-2-900x425.png 900w, https:\/\/notinor.com\/jujuy\/wp-content\/uploads\/2015\/12\/villafa\u00f1e-en-camara-argentina-de-comercio-2.png 1257w\" sizes=\"(max-width: 300px) 100vw, 300px\" \/><\/a><\/p>\n<p>En este sentido, se\u00f1al\u00f3 que recientemente a trav\u00e9s del gobierno de la provincia, le hicieron entrega del ambicioso proyecto al titular del Plan Belgrano, Jos\u00e9 Cano, durante su reciente visita en nuestra provincia, con el objetivo de que sea considerado como una importante herramienta para la reactivaci\u00f3n de las econom\u00edas regionales del norte argentino.<\/p>\n<p>Villafa\u00f1e destac\u00f3 que este proyecto \u201cpermitir\u00e1 aprovechar la ubicaci\u00f3n estrat\u00e9gica de nuestra provincia en la regi\u00f3n y la utilizaci\u00f3n de su v\u00eda de comunicaci\u00f3n con el pacifico\u201d logrando de esta manera \u201cpotenciar la producci\u00f3n, atraer inversiones y generar miles de fuentes de trabajo\u201d, remarc\u00f3.<\/p>\n<p>Asimismo record\u00f3 que recientemente se logr\u00f3 el compromiso de la C\u00e1mara Argentina de Comercio (CAC) de elevar ante las autoridades del Gobierno Nacional el proyecto \u201cEje de Capricornio\u201d, tras la exitosa participaci\u00f3n de la entidad juje\u00f1a, durante el V Encuentro Nacional de C\u00e1maras de Comercio Exterior realizado a principios de este mes en la sede de la CAC en Capital Federal donde se analiz\u00f3 el posible panorama del sector para el a\u00f1o pr\u00f3ximo.<\/p>\n<p>Respecto al futuro del sector exportador para el 2016, el titular de la C\u00e1mara de Comercio Exterior de Jujuy, se\u00f1al\u00f3 que de acuerdo a la evaluaci\u00f3n realizada durante el c\u00f3nclave por el \u00a0jefe del departamento de Econom\u00eda de la CAC, Matias Bolis Wilson: \u201cla Argentina enfrenta nuevos desaf\u00edos ante un mundo bien distinto del de hace diez o quince a\u00f1os atr\u00e1s con una menor demanda mundial, menor liquidez y un d\u00f3lar m\u00e1s fuerte. Si bien los t\u00e9rminos de intercambio a\u00fan est\u00e1n altos con respecto al promedio hist\u00f3rico, Argentina deber\u00e1 repensarse en su estrategia exportadora y su capacidad de integrarse a un mundo tendiente a crear m\u00e1s alianzas comerciales\u201d, asever\u00f3.<\/p>\n<p>Asimismo, que de acuerdo a la exposici\u00f3n sobre las perspectivas del Comercio Exterior para el pr\u00f3ximo a\u00f1o, brindadas por el Dr. Marcelo Elizondo, consultor en desarrollo y comercio internacional: \u201clas sociedades virtuosas desarrollan tres capitales: el institucional, el relacional y el organizacional. Hoy la Argentina tiene una enorme oportunidad para recuperar el capital relacional, ya que en los \u00faltimos a\u00f1os se ha venido desvinculando de los mercados financieros y comerciales\u201d, finaliz\u00f3.<\/p>\n","protected":false},"excerpt":{"rendered":"<p>C\u00e1mara de Comercio Exterior de Jujuy Con resultados positivos avanzan las gestiones de la C\u00e1mara de Comercio Exterior de Jujuy (CCEJ) en busca de generar las condiciones de log\u00edstica e infraestructura necesarias a nivel regional que permitan hacer m\u00e1s competitivos los diferentes productos que ya se exportan por el Paso de Jama y los que [&hellip;]<\/p>\n","protected":false},"author":1,"featured_media":56758,"comment_status":"open","ping_status":"open","sticky":false,"template":"","format":"standard","meta":{"_stopmodifiedupdate":false,"_modified_date":"","inline_featured_image":false},"categories":[493],"tags":[],"jetpack_featured_media_url":"https:\/\/notinor.com\/jujuy\/wp-content\/uploads\/2016\/01\/Raul-Villafa\u00f1e.jpg","_links":{"self":[{"href":"https:\/\/notinor.com\/jujuy\/wp-json\/wp\/v2\/posts\/56419"}],"collection":[{"href":"https:\/\/notinor.com\/jujuy\/wp-json\/wp\/v2\/posts"}],"about":[{"href":"https:\/\/notinor.com\/jujuy\/wp-json\/wp\/v2\/types\/post"}],"author":[{"embeddable":true,"href":"https:\/\/notinor.com\/jujuy\/wp-json\/wp\/v2\/users\/1"}],"replies":[{"embeddable":true,"href":"https:\/\/notinor.com\/jujuy\/wp-json\/wp\/v2\/comments?post=56419"}],"version-history":[{"count":5,"href":"https:\/\/notinor.com\/jujuy\/wp-json\/wp\/v2\/posts\/56419\/revisions"}],"predecessor-version":[{"id":56762,"href":"https:\/\/notinor.com\/jujuy\/wp-json\/wp\/v2\/posts\/56419\/revisions\/56762"}],"wp:featuredmedia":[{"embeddable":true,"href":"https:\/\/notinor.com\/jujuy\/wp-json\/wp\/v2\/media\/56758"}],"wp:attachment":[{"href":"https:\/\/notinor.com\/jujuy\/wp-json\/wp\/v2\/media?parent=56419"}],"wp:term":[{"taxonomy":"category","embeddable":true,"href":"https:\/\/notinor.com\/jujuy\/wp-json\/wp\/v2\/categories?post=56419"},{"taxonomy":"post_tag","embeddable":true,"href":"https:\/\/notinor.com\/jujuy\/wp-json\/wp\/v2\/tags?post=56419"}],"curies":[{"name":"wp","href":"https:\/\/api.w.org\/{rel}","templated":true}]}}