{"id":56413,"date":"2015-12-29T09:21:38","date_gmt":"2015-12-29T12:21:38","guid":{"rendered":"http:\/\/notinor.com\/jujuy\/?p=56413"},"modified":"2015-12-29T12:12:38","modified_gmt":"2015-12-29T15:12:38","slug":"economias-regionales-macri-fue-expeditivo-en-lo-importante-morales-tibio-en-lo-urgente-afirmo-guillermo-martin-berardi","status":"publish","type":"post","link":"https:\/\/notinor.com\/jujuy\/economias-regionales-macri-fue-expeditivo-en-lo-importante-morales-tibio-en-lo-urgente-afirmo-guillermo-martin-berardi\/","title":{"rendered":"Econom\u00edas Regionales: \u201cMacri fue expeditivo en lo importante\",  afirm\u00f3 Mart\u00edn Berardi."},"content":{"rendered":"<p>El Ing. Guillermo Mart\u00edn Berardi, como productor agropecuario, realiz\u00f3 un an\u00e1lisis de la apremiante realidad econ\u00f3mica de sus pares, tanto en el sector tabacalero, azucarero y granero. Mart\u00edn Berardi se\u00f1al\u00f3 la oportunidad que representan las medidas tomadas a nivel nacional, como tambi\u00e9n se mostr\u00f3 preocupado por la lentitud del gobierno de la provincia de Jujuy en disparar un paquete de medidas que propongan la reactivaci\u00f3n agr\u00edcola juje\u00f1a.<\/p>\n<p>Jujuy\u00a0 || 29.12.15 || \u00a0Al parecer las declaraciones del Ministro de Desarrollo y Producci\u00f3n de Jujuy CPN Juan Carlos Abud Robles, sobre la constituci\u00f3n de fondos para apuntalar las econom\u00edas regionales de la provincia, no son satisfactorias para los productores tabacaleros y ca\u00f1eros juje\u00f1os que no ocultan su disconformidad, ya que se\u00f1alan que, hay un marco importante de fondo activado por la naci\u00f3n; en solo una semana; pero que en Jujuy todav\u00eda el gobierno no ofreci\u00f3 medidas concretas, sobre el c\u00f3mo y cuando las econom\u00edas regionales podr\u00e1n recomponer sus expectativas de rentabilidad, aplicando disposiciones complementarias a las ya establecidas por el presidente de la Naci\u00f3n Mauricio Macri.<\/p>\n<p>Al respecto el productor juje\u00f1o Ing. Guillermo Mart\u00edn Berardi opin\u00f3<em>: \u201cLos productores estamos preocupados porque a\u00fan no somos convocados a una mesa de di\u00e1logo para acercar propuestas al gobierno, de manera que las medidas, que denominamos importantes que se tomaron a nivel nacional, puedan ser aprovechadas con disposiciones complementarias por el gobierno de la provincia, actuaciones que deben ser urgentes, de lo contrario habremos perdido otro a\u00f1o en el sector agr\u00edcola y van\u2026\u201d.<\/em><\/p>\n<p><strong>\u00bfCu\u00e1les son las cosas importantes que otorg\u00f3 la naci\u00f3n a la producci\u00f3n?<\/strong> <em>\u201cLa quita de las retenciones a las econom\u00edas regionales, el mecanismo para bonificar parte del costo del flete a los puertos. La correcci\u00f3n del atraso cambiario. El aumento del corte de combustibles (Plan Alcoholnafta). Estas medidas sin dudas que encendieron expectativas, pero deben ser complementadas con leyes, gestiones y programas provinciales para que logremos traducirlas en mas superficie de siembra, en agregado de valor en origen, mayor demanda de mano de obra, diversificaci\u00f3n, exenciones tributarias, financiamiento de pasivos, cr\u00e9ditos para inversiones; para l\u00f3gicamente acceder a \u2013 una genuina rentabilidad - para los productores\u201d .<\/em><\/p>\n<p><strong>\u00bfCu\u00e1les son las cosas urgentes que el gobierno de la provincia demora en atender?: <\/strong>\u201c<em>Por ejemplo -los recursos del FET est\u00e1n frenados-, no est\u00e1n llegando, estamos a fin de a\u00f1o, con una fuerte demanda de recursos en una etapa vital del negocio del tabaco, en realidad el dinero es para los obreros en primer lugar, si privamos a este segmento de sus derechos, estamos destruyendo tejido social y deteriorando cada vez m\u00e1s la cadena de valor local\u201d.<\/em><\/p>\n<p><strong>\u00bfPor qu\u00e9 cree que el dinero no llega<\/strong>?: <em>\u201cConsidero que hay errores tanto en la naci\u00f3n (MinAgri), como en la provincia (gobierno y directivos); a estas alturas no hay lugar para excusas de ninguna de las partes responsables de una gesti\u00f3n establecida por ley, sencillamente hay un grave incumplimiento que pocos se atreven a se\u00f1alar, el cual ocasiona p\u00e9rdidas a los productores que podr\u00edan evitarse, si cada cual hace lo que le corresponde, es una pena que los \u00f3rganos de contralor no act\u00faen\u201d.<\/em><\/p>\n<p><strong>\u00a0\u00bfQu\u00e9 otras medidas urgentes se deben tomar?:<\/strong> <em>\u201cEn cuanto al sector ca\u00f1ero, hay que detallar en que consistir\u00e1 el corte del bioetanol, no puede ser que la bolsa de az\u00facar no tenga incremento. Primero sabemos que el precio del az\u00facar subi\u00f3 un 40% a nivel internacional (comodities); en el pa\u00eds tuvimos una devaluaci\u00f3n de casi el 50%, \u00a0adem\u00e1s nos sacaron las retenciones, (mejoraron el precio del trigo y la carne, adem\u00e1s de otros productos de exportaci\u00f3n, pero no el precio del az\u00facar, con lo cual seguimos en un ag\u00f3nico proceso regresivo\u201d.<\/em><\/p>\n<p><strong>\u00bfQu\u00e9 sugiere?<\/strong> \u201c<em>El gobierno, as\u00ed como intervino en varias formaciones de precios de diferentes productos, en especial en los que componen la oferta de precios cuidados, no realiz\u00f3 ninguna intervenci\u00f3n para mejorar nuestro segmento, aun cuando, si se ocup\u00f3 de actualizar la cotizaci\u00f3n del az\u00facar en g\u00f3ndola\u201d<\/em><\/p>\n<p><em>\u201cTodav\u00eda el gobierno no ha convocado a las asociaciones de productores, para definir criterios de participaci\u00f3n en el cupo de alcohol. Desde el gobierno se habl\u00f3 de legislar sobre una copia de la maquila para alcohol, pero no nos consultaron; si el gobierno saldr\u00eda fuertemente a sostener el aumento del corte de combustibles, con definiciones claras, \u00a0\u00a0lograr\u00eda recomponer el precio interno del az\u00facar, sac\u00e1ndonos de a\u00f1os de precios de quebranto\u201d. <\/em><\/p>\n<p><strong>\u00bfEn tabaco, que expectativas tienen en cuanto a su precio?<\/strong> <em>\u201cEse es otro tema que tambi\u00e9n preocupa a los productores, hay medidas nacionales como la quita de las retenciones, la correcci\u00f3n de atraso cambiario, lo que permitir\u00eda de manera autom\u00e1tica, sin disputas con los compradores, que este a\u00f1o el precio del tabaco obtenga una recomposici\u00f3n del 50%, para que tenga sentido la devaluaci\u00f3n que llev\u00f3 adelante Alfonso Prat Gay. Pero hasta ahora solo hay silencio de parte del gobierno provincial\u201d.<\/em><\/p>\n<p><strong>\u00bfEn cuanto a otras actividades agr\u00edcolas, c\u00f3mo estamos?<\/strong> <em>\u201cNecesitamos que se trabaje sobre lo urgente, de lo contrario la siembra ser\u00e1 un fracaso, por ejemplo en tema granos, est\u00e1n casi todos endeudados, pr\u00e1cticamente no hay cr\u00e9ditos, entonces \u00bfc\u00f3mo arrancamos?, cuando el pa\u00eds necesita sembrar. Hoy tenemos un directorio nuevo en El Banco de la Naci\u00f3n Argentina, hay que sacar una refinanciaci\u00f3n inmediata para -las econom\u00edas regionales-, todos los que somos parte de una de ellas, tenemos que tener una refinaci\u00f3n especial, aunque sea del Banco Naci\u00f3n: Hoy por ejemplo la pol\u00edtica del Banco Naci\u00f3n es acotada en esta materia, ya que si hay productores refinanciados, no se los hace nuevamente sujeto de cr\u00e9dito hasta la cancelaci\u00f3n, perdiendo el pa\u00eds oportunidades de generar divisas, resultando en un sin sentido las medidas establecidas como incentivos macro econ\u00f3micos (quita de retenciones, etc); estas son las cosas urgentes que el gobierno debe apuntar y gestionar; \u00bfsin financiaci\u00f3n, como sembramos?\u201d.<\/em><\/p>\n<p><em>\u201cHay que tomar medidas complementarias en forma urgente, podemos conformar por ejemplo un Gabinete de Crisis, para que realmente haya transformaciones positivas\u201d.<\/em><\/p>\n<p><strong>\u00bfPero la transici\u00f3n acaso no demanda mayor tiempo para tomar decisiones?<\/strong> <em>\u201cHubo tiempo suficiente, al menos para convocarnos al di\u00e1logo; tampoco es una\u00a0 excusa argumentar que la demora es porque se cambiaron todos los funcionarios, porque la mayor parte de las segundas y terceras l\u00edneas del FpV contin\u00faan, o le creen a quienes quedaron en sus recomendaciones, o si dudan para que los conservan\u201d. <\/em>Concluy\u00f3 Mart\u00edn Berardi.<\/p>\n<p>De esta manera, \u00a0un representativo productor de la zona de El Carmen realiz\u00f3 sus apreciaciones. En t\u00e9rminos de resoluciones positivas para el sector agr\u00edcola, el gobierno de la provincia no esboza a\u00fan trazos firmes, situaci\u00f3n poco comprensible, cuando poseen representantes que en campa\u00f1a afirmaron conocer al dedillo la problem\u00e1tica del sector tabacalero y ca\u00f1ero, ya que tambi\u00e9n lo son.<\/p>\n","protected":false},"excerpt":{"rendered":"<p>El Ing. Guillermo Mart\u00edn Berardi, como productor agropecuario, realiz\u00f3 un an\u00e1lisis de la apremiante realidad econ\u00f3mica de sus pares, tanto en el sector tabacalero, azucarero y granero. Mart\u00edn Berardi se\u00f1al\u00f3 la oportunidad que representan las medidas tomadas a nivel nacional, como tambi\u00e9n se mostr\u00f3 preocupado por la lentitud del gobierno de la provincia de Jujuy [&hellip;]<\/p>\n","protected":false},"author":1,"featured_media":56414,"comment_status":"open","ping_status":"open","sticky":false,"template":"","format":"standard","meta":{"_stopmodifiedupdate":false,"_modified_date":"","inline_featured_image":false},"categories":[493],"tags":[],"jetpack_featured_media_url":"https:\/\/notinor.com\/jujuy\/wp-content\/uploads\/2015\/12\/0000955867.jpg","_links":{"self":[{"href":"https:\/\/notinor.com\/jujuy\/wp-json\/wp\/v2\/posts\/56413"}],"collection":[{"href":"https:\/\/notinor.com\/jujuy\/wp-json\/wp\/v2\/posts"}],"about":[{"href":"https:\/\/notinor.com\/jujuy\/wp-json\/wp\/v2\/types\/post"}],"author":[{"embeddable":true,"href":"https:\/\/notinor.com\/jujuy\/wp-json\/wp\/v2\/users\/1"}],"replies":[{"embeddable":true,"href":"https:\/\/notinor.com\/jujuy\/wp-json\/wp\/v2\/comments?post=56413"}],"version-history":[{"count":5,"href":"https:\/\/notinor.com\/jujuy\/wp-json\/wp\/v2\/posts\/56413\/revisions"}],"predecessor-version":[{"id":56453,"href":"https:\/\/notinor.com\/jujuy\/wp-json\/wp\/v2\/posts\/56413\/revisions\/56453"}],"wp:featuredmedia":[{"embeddable":true,"href":"https:\/\/notinor.com\/jujuy\/wp-json\/wp\/v2\/media\/56414"}],"wp:attachment":[{"href":"https:\/\/notinor.com\/jujuy\/wp-json\/wp\/v2\/media?parent=56413"}],"wp:term":[{"taxonomy":"category","embeddable":true,"href":"https:\/\/notinor.com\/jujuy\/wp-json\/wp\/v2\/categories?post=56413"},{"taxonomy":"post_tag","embeddable":true,"href":"https:\/\/notinor.com\/jujuy\/wp-json\/wp\/v2\/tags?post=56413"}],"curies":[{"name":"wp","href":"https:\/\/api.w.org\/{rel}","templated":true}]}}