{"id":55715,"date":"2015-12-22T00:00:27","date_gmt":"2015-12-22T03:00:27","guid":{"rendered":"http:\/\/notinor.com\/jujuy\/?p=55715"},"modified":"2015-12-22T10:55:38","modified_gmt":"2015-12-22T13:55:38","slug":"interna-justicialista-no-se-puede-ser-a-la-vez-gobierno-y-oposicion","status":"publish","type":"post","link":"https:\/\/notinor.com\/jujuy\/interna-justicialista-no-se-puede-ser-a-la-vez-gobierno-y-oposicion\/","title":{"rendered":"Interna Justicialista:  \"no se puede ser a la vez gobierno y oposici\u00f3n\""},"content":{"rendered":"<p>La semana pasada, Jos\u00e9 Luis Martiarena lanz\u00f3 la conformaci\u00f3n del Frente de Renovaci\u00f3n y Militancia Justicialista de cara a las elecciones internas convocadas para marzo del 2016.<\/p>\n<p>El espacio no solo aspira a participar de las elecciones sino tambi\u00e9n servir de punto de encuentro y debate para los afiliados al Partido Justicialista y tambi\u00e9n para la ciudadan\u00eda en general.<\/p>\n<p>En di\u00e1logo exclusivo con NOTINOR.COM el ex intendente de la capital, el arquitecto Jos\u00e9 Luis Martiarena realiz\u00f3 reflexiones sobre la derrota del justicialismo, a la vez que realiz\u00f3 precisiones sobre el justicialismo que se viene en su nuevo rol de oposici\u00f3n.<\/p>\n<p><strong>\u00bfC\u00f3mo analiza las derrotas de octubre y noviembre?<\/strong><\/p>\n<p>La derrota electoral que sufri\u00f3 el justicialismo en las elecciones del 25 de octubre, y el 22 de noviembre, fueron provocadas por graves desaciertos de parte de la conducci\u00f3n pol\u00edtica.\u00a0 Hubo un marcado proceso de exclusi\u00f3n de dirigentes y compa\u00f1eros que ten\u00edan una visi\u00f3n distinta de la pol\u00edtica, de la realidad provincial tambi\u00e9n, y esto ha sido una de las causas fundamentales por las cuales el Partido Justicialista ha sufrido esta dura derrota electoral.\u00a0 Me preocupa mucho este silencio tan prolongado; aqu\u00ed no hubo autocr\u00edtica hasta ahora, y no se puede conducir desde el silencio; se conduce asumiendo compromisos, haciendo autocr\u00edticas, reconociendo los errores y los desaciertos.<\/p>\n<p><strong>\u00bfC\u00f3mo se prepara el justicialismo para ahora ser la oposici\u00f3n?<\/strong><\/p>\n<p>Con relaci\u00f3n al nuevo rol que tiene el justicialismo de cara al futuro, la ciudadan\u00eda juje\u00f1a y argentina ha dispuesto que el justicialismo tenga el rol de oposici\u00f3n.\u00a0 Entendemos que la oposici\u00f3n tiene que ser constructiva, tiene que ser seria, y tiene que ser estricta frente a los compromisos electorales que han asumido los gobiernos nacional y provincial.\u00a0 Tiene que ejercer el rol de control de gesti\u00f3n a trav\u00e9s de todos sus representantes.\u00a0 Pero en este tiempo es necesario que el justicialismo permita, posibilite, tanto en el \u00e1mbito nacional como provincial, que el gobierno elegido pueda aplicar su pol\u00edtica, sus ideas y reservarse el derecho de apoyar aquellas cosas que son correctas y que son a favor de la gente, pero tambi\u00e9n cuestionar discutir y oponerse a aquellas medadas que vayan en contra de la gente.\u00a0 este es el rol del justicialismo tolerante y mesurado, pero firme cuando haya que serlo.<\/p>\n<p><strong>\u00bfCuando se refiere a la falta de autocr\u00edtica, apunta a Eduardo Fellner y a Guillermo Jenefes?<\/strong><\/p>\n<p>Evidentemente no hubo autocr\u00edtica de parte de Eduardo Fellner y de Guillermo Jenefes, sino todo lo contrario:\u00a0 un silencio preocupante y prolongado.\u00a0 No se conduce desde el silencio, se conduce expres\u00e1ndose.\u00a0 Yo represento a much\u00edsimos compa\u00f1eros y dirigentes de importantes agrupaciones peronistas, que hemos tomado la decisi\u00f3n de construir una alternativa superadora, positiva, para ofrecer al conjunto de los afiliados y a los ciudadanos, a partir de marzo cuando estemos en la conducci\u00f3n las propuestas e ideas del Frente de Renovaci\u00f3n y Militancia Justicialista.<\/p>\n<p><strong>A nivel nacional tampoco hubo autocr\u00edtica, sin embargo, a pesar de lo que dijeron algunas figuras como el gobernador Urtubey, desde el kirchnerismo aseguran que la conductora del Partido Justicialista es Cristina Kirchner, a pesar de que Eduardo Fellner todav\u00eda es el presidente del Consejo Nacional \u00bfEsto es as\u00ed, Cristina Kirchner es la conductora del Partido Justicialista nacional?<\/strong><\/p>\n<p>Nosotros entendemos que Cristina Kirchner conduce un sector, pero creo que es un error creer que nos puede representar a todos, especialmente despu\u00e9s de haber sido derrotado su candidato.\u00a0 Es muy simple, ac\u00e1 no hay que dar muchas vueltas.\u00a0 Creemos que a nivel nacional se debe convocar r\u00e1pidamente a un proceso de elecciones internas, con reglas claras con transparencia, que nos permitan que el 1\u00b0 de junio el Partido Nacional Justicialista tenga elegida una nueva conducci\u00f3n que surja de un proceso eleccionario democr\u00e1tico.\u00a0 Esto le va a dar legitimidad a los dirigentes y a las autoridades partidarias.\u00a0 Creo que hay que acostumbrarnos en el justicialismo a tener un gran esp\u00edritu democr\u00e1tico y someterse a la voluntad popular.\u00a0 Creemos que es el momento para que el Justicialismo haga una autocr\u00edtica y se reconozca que ha sido un grave error no hacer internas, tanto a nivel nacional como provincial.\u00a0 Los fracasos electorales de los \u00faltimos dos a\u00f1os han tenido que ver con esto: la falta de democracia interna y querer reemplazar la democracia por el acuerdo de dirigentes.<\/p>\n<p><strong>Para estas internas de marzo, el vicegobernador Carlos Haquim conjuntamente con varios dirigentes que conformaron la \"pata peronista\" de Cambia Jujuy expresaron sus intenciones de \"recuperar\" el partido, \u00bfustedes est\u00e1n dispuestos a competir con ellos por la conducci\u00f3n del justicialismo?<\/strong><\/p>\n<p>Nosotros tenemos un gran esp\u00edritu de di\u00e1logo.\u00a0 Cuando hablamos de que hay que dialogar y hablar con todos los sectores del peronismo, lo decimos en serio porque somos un peronismo inclusivo, no exclusivo.\u00a0 El peronismo, m\u00e1s que un partido es un gran movimiento donde convergen distintas corrientes de expresi\u00f3n, de pensamiento.\u00a0 Yo soy contrario a la imposici\u00f3n del pensamiento \u00fanico.\u00a0 Entonces, siendo el peronismo un gran movimiento, con distintas vertientes, hay que estar dispuestos a dialogar.\u00a0 Pero tambi\u00e9n hay que ser claro y preciso en que la ciudadan\u00eda de Jujuy le ha dado un mandato al justicialismo.\u00a0 El justicialismo hoy es la oposici\u00f3n.\u00a0 Si hay compa\u00f1eros que entendieron que hab\u00eda que facilitar de que la provincia sea gobernada por el radicalismo, es una decisi\u00f3n que tendr\u00e1n que evaluar \u00e9sos compa\u00f1eros... pero no se puede ser a la vez gobierno, y paralelamente ser oposici\u00f3n.\u00a0 La ciudadan\u00eda vot\u00f3 a un grupo de hombres pol\u00edticos para gobernar, y al justicialismo nos ha puesto en la oposici\u00f3n.<\/p>\n<p><strong>\u00bfC\u00f3mo se preparan para \u00e9stas internas?<\/strong><\/p>\n<p>Hemos consensuado junto a un gran n\u00famero de dirigentes y agrupaciones peronistas la conformaci\u00f3n de un frente denominado Frente de Renovaci\u00f3n y Militancia Justicialista (FREMIJU), a los fines de participar activamente en las pr\u00f3ximas elecciones internas partidarias del PJ que ha han sido convocadas para marzo pr\u00f3ximo.<\/p>\n<p><strong>\u00bfEs el sector martiarenista del justicialismo juje\u00f1o?<\/strong><\/p>\n<p>Este frente es la construcci\u00f3n de un espacio abierto, es un proyecto colectivo, es un espacio integrador, participativo para coincidir y tambi\u00e9n para disentir, para debatir ideas y propuestas, para buscar entre todos los compa\u00f1eros coincidencias program\u00e1ticas que permitan definir y perfilar un peronismo juje\u00f1o de cara al 2017 y de cara a los grandes desaf\u00edos que tiene el justicialismo hacia adelante.<\/p>\n<p><strong>\u00bfCu\u00e1les son las propuestas de \u00e9ste frente?<\/strong><\/p>\n<p>Quiero llegar a cada compa\u00f1ero y cada compa\u00f1era de la capital y del interior invit\u00e1ndolos a que todos asumamos el compromiso y a participar activamente.\u00a0 Vamos a convocar en los pr\u00f3ximos d\u00edas a una mesa grande del peronismo juje\u00f1o, desde la autoconvocatoria para promover un sincero y necesario di\u00e1logo entre justicialistas.\u00a0 Esta mesa ser\u00e1 para conversar y para fundamentalmente iniciar una tarea militante, un trabajo para recuperar y reconstruir el justicialismo.<\/p>\n<p>Tambi\u00e9n queremos promover una profunda democratizaci\u00f3n del justicialismo de Jujuy y nivel nacional..\u00a0 Creo que hay que dejar de lado \u00e9stas pr\u00e1cticas que no han sido muy acertadas de la rosca pol\u00edtica.\u00a0 Hay que reemplazar la rosca pol\u00edtica por elecciones internas abiertas, transparentes, para la elecci\u00f3n de autoridades partidarias en el 2016, y tambi\u00e9n para el 20167 un proceso de selecci\u00f3n de candidatos para los cargos p\u00fablicos electivos.<\/p>\n<p>Nosotros estamos proponiendo \u00e9ste di\u00e1logo en el justicialismo, un di\u00e1logo que tiene que ser abierto, sin sectarismos y sin exclusi\u00f3n.\u00a0 Proponemos que el peronismo que viene tiene que sustentarse en un partido unido, renovado, moderno, pero sobre todo democratizado.\u00a0 Queremos que se fomente el debate de ideas, la participaci\u00f3n activa de los j\u00f3venes, la participaci\u00f3n de la mujer peronista y de los trabajadores.<\/p>\n<p>Queremos que la conducci\u00f3n partidaria que surja de las elecciones internas de marzo a nivel provincial, y estamos proponiendo tambi\u00e9n que en mayo, cuando vencen los mandatos de la conducci\u00f3n partidaria nacional, la conducci\u00f3n nacional surja de una interna nacional abierta, donde los compa\u00f1eros sean los que eligen, para que las conducciones surjan de la legitimidad popular.<\/p>\n<p>Queremos un partido abierto que posibilite que la ciudadan\u00eda en general, juje\u00f1a y argentina, pueda tener la posibilidad de participar del proceso de selecci\u00f3n de candidatos.\u00a0 Proponemos un partido absolutamente inclusivo, donde no hay exclusi\u00f3n ni sectarismo pol\u00edtico, donde le demos de nuevo valor a cada compa\u00f1ero, donde se pueda coincidir o disentir libremente, un partido que revalorice la militancia, donde se reconozcan los esfuerzos de los compa\u00f1eros y las compa\u00f1eras, un partido que reconozca tambi\u00e9n a aquellos hombres y mujeres valiosos del peronismo hist\u00f3rico que hoy peinan canas que se han ido apartando del justicialismo... los necesitamos hoy m\u00e1s que nunca.\u00a0 Queremos que todos vuelvan a Per\u00f3n.\u00a0 Estos hombres y mujeres hist\u00f3ricos del justicialismo representan el patrimonio hist\u00f3rico del peronismo.<\/p>\n","protected":false},"excerpt":{"rendered":"<p>La semana pasada, Jos\u00e9 Luis Martiarena lanz\u00f3 la conformaci\u00f3n del Frente de Renovaci\u00f3n y Militancia Justicialista de cara a las elecciones internas convocadas para marzo del 2016. El espacio no solo aspira a participar de las elecciones sino tambi\u00e9n servir de punto de encuentro y debate para los afiliados al Partido Justicialista y tambi\u00e9n para [&hellip;]<\/p>\n","protected":false},"author":1,"featured_media":55128,"comment_status":"open","ping_status":"open","sticky":false,"template":"","format":"standard","meta":{"_stopmodifiedupdate":false,"_modified_date":"","inline_featured_image":false},"categories":[493,501],"tags":[],"jetpack_featured_media_url":"https:\/\/notinor.com\/jujuy\/wp-content\/uploads\/2015\/12\/martiarena-2.jpg","_links":{"self":[{"href":"https:\/\/notinor.com\/jujuy\/wp-json\/wp\/v2\/posts\/55715"}],"collection":[{"href":"https:\/\/notinor.com\/jujuy\/wp-json\/wp\/v2\/posts"}],"about":[{"href":"https:\/\/notinor.com\/jujuy\/wp-json\/wp\/v2\/types\/post"}],"author":[{"embeddable":true,"href":"https:\/\/notinor.com\/jujuy\/wp-json\/wp\/v2\/users\/1"}],"replies":[{"embeddable":true,"href":"https:\/\/notinor.com\/jujuy\/wp-json\/wp\/v2\/comments?post=55715"}],"version-history":[{"count":3,"href":"https:\/\/notinor.com\/jujuy\/wp-json\/wp\/v2\/posts\/55715\/revisions"}],"predecessor-version":[{"id":55756,"href":"https:\/\/notinor.com\/jujuy\/wp-json\/wp\/v2\/posts\/55715\/revisions\/55756"}],"wp:featuredmedia":[{"embeddable":true,"href":"https:\/\/notinor.com\/jujuy\/wp-json\/wp\/v2\/media\/55128"}],"wp:attachment":[{"href":"https:\/\/notinor.com\/jujuy\/wp-json\/wp\/v2\/media?parent=55715"}],"wp:term":[{"taxonomy":"category","embeddable":true,"href":"https:\/\/notinor.com\/jujuy\/wp-json\/wp\/v2\/categories?post=55715"},{"taxonomy":"post_tag","embeddable":true,"href":"https:\/\/notinor.com\/jujuy\/wp-json\/wp\/v2\/tags?post=55715"}],"curies":[{"name":"wp","href":"https:\/\/api.w.org\/{rel}","templated":true}]}}