{"id":54755,"date":"2015-12-14T00:10:58","date_gmt":"2015-12-14T03:10:58","guid":{"rendered":"http:\/\/notinor.com\/jujuy\/?p=54755"},"modified":"2015-12-14T00:10:58","modified_gmt":"2015-12-14T03:10:58","slug":"hoy-comienzan-sesiones-extraordinarias-para-tratar-leyes-que-pidio-el-gobernador","status":"publish","type":"post","link":"https:\/\/notinor.com\/jujuy\/hoy-comienzan-sesiones-extraordinarias-para-tratar-leyes-que-pidio-el-gobernador\/","title":{"rendered":"Hoy comienzan sesiones extraordinarias para tratar leyes que pidi\u00f3 el gobernador"},"content":{"rendered":"<p>A trav\u00e9s de un decreto, el Poder Ejecutivo, convoc\u00f3 a sesiones extraordinarias que se llevar\u00e1n a cabo a partir de hoy hasta marzo del 2016.<\/p>\n<p>En reuni\u00f3n de Labor Parlamentaria, presidida por el vicegobernador Carlos Haquim; se analizaron los proyectos que tomar\u00e1n estado parlamentario en la Sesi\u00f3n del lunes a las 10, y que ser\u00e1n tratados en el transcurso del periodo extraordinario.<\/p>\n<p>Los presidentes de los bloques de la U.C.R., Alberto Bernis, del P.J., Javier Hinojo, del Frente Unidos y Organizados por la Soberan\u00eda Popular, German Noro, y del Frente Primero Jujuy, Pedro Segura, conjuntamente con el vicepresidente primero de la C\u00e1mara, Carlos Amaya y el secretario parlamentario, Dr. Javier De Bedia, estudiaron el listado de proyectos enviados por el gobernador Gerardo Morales.<\/p>\n<p>Los proyectos de Ley que ingresar\u00e1n el lunes, y ser\u00e1n girados a las comisiones correspondientes para su tratamiento son:<\/p>\n<p>* la creaci\u00f3n y funcionamiento de la oficina anticorrupci\u00f3n<\/p>\n<p>* la Ley de \u00e9tica p\u00fablica<\/p>\n<p>* la transformaci\u00f3n de la Empresa Agua de los Andes S.A.<\/p>\n<p>* el acceso a la informaci\u00f3n p\u00fablica<\/p>\n<p>* reconocimiento y creaci\u00f3n de Municipios Pampa Blanca, Puesto Viejo, Aguas Calientes, Yala, San Antonio y Maimar\u00e1<\/p>\n<p>* cese de explotaciones en el Parque Nacional Calilegua<\/p>\n<p>* boleta \u00fanica electr\u00f3nica<\/p>\n<p>* reducci\u00f3n de niveles de alcoholemia admisibles en la conducci\u00f3n de automotores<\/p>\n<p>* transformaci\u00f3n del Banco de Acci\u00f3n Social en el Banco de Desarrollo de la Provincia de Jujuy<\/p>\n<p>* emergencia en materia de seguridad; emergencia de edificios escolares<\/p>\n<p>* adhesi\u00f3n a la Ley Nacional de Estupefacientes; Ley de promoci\u00f3n y fomento de la vitivinicultura<\/p>\n<p>* ley de promoci\u00f3n de inversiones<\/p>\n<p>* creaci\u00f3n del Consejo de Planificaci\u00f3n Estrat\u00e9gico<\/p>\n<p>* del Fuero penal econ\u00f3mico y delitos contra la administraci\u00f3n p\u00fablica; del Fuero ambiental y fiscal\u00edas<\/p>\n<p>* del Fuero especial en violencia de g\u00e9nero; del Ministerio P\u00fablico de la Acusaci\u00f3n<\/p>\n<p>* del Ministerio P\u00fablico de la Defensa; de la Corte de Casaci\u00f3n<\/p>\n<p>* modificaci\u00f3n de la Ley 4.346; del art\u00edculo 43 y 54 de la Ley 4.055<\/p>\n<p>* concurso p\u00fablico de selecci\u00f3n de jueces.<\/p>\n","protected":false},"excerpt":{"rendered":"<p>A trav\u00e9s de un decreto, el Poder Ejecutivo, convoc\u00f3 a sesiones extraordinarias que se llevar\u00e1n a cabo a partir de hoy hasta marzo del 2016. En reuni\u00f3n de Labor Parlamentaria, presidida por el vicegobernador Carlos Haquim; se analizaron los proyectos que tomar\u00e1n estado parlamentario en la Sesi\u00f3n del lunes a las 10, y que ser\u00e1n [&hellip;]<\/p>\n","protected":false},"author":1,"featured_media":54756,"comment_status":"open","ping_status":"open","sticky":false,"template":"","format":"standard","meta":{"_stopmodifiedupdate":false,"_modified_date":"","inline_featured_image":false},"categories":[485,501],"tags":[],"jetpack_featured_media_url":"https:\/\/notinor.com\/jujuy\/wp-content\/uploads\/2015\/12\/labor-parlamentaria-12-12-15.jpg","_links":{"self":[{"href":"https:\/\/notinor.com\/jujuy\/wp-json\/wp\/v2\/posts\/54755"}],"collection":[{"href":"https:\/\/notinor.com\/jujuy\/wp-json\/wp\/v2\/posts"}],"about":[{"href":"https:\/\/notinor.com\/jujuy\/wp-json\/wp\/v2\/types\/post"}],"author":[{"embeddable":true,"href":"https:\/\/notinor.com\/jujuy\/wp-json\/wp\/v2\/users\/1"}],"replies":[{"embeddable":true,"href":"https:\/\/notinor.com\/jujuy\/wp-json\/wp\/v2\/comments?post=54755"}],"version-history":[{"count":1,"href":"https:\/\/notinor.com\/jujuy\/wp-json\/wp\/v2\/posts\/54755\/revisions"}],"predecessor-version":[{"id":54757,"href":"https:\/\/notinor.com\/jujuy\/wp-json\/wp\/v2\/posts\/54755\/revisions\/54757"}],"wp:featuredmedia":[{"embeddable":true,"href":"https:\/\/notinor.com\/jujuy\/wp-json\/wp\/v2\/media\/54756"}],"wp:attachment":[{"href":"https:\/\/notinor.com\/jujuy\/wp-json\/wp\/v2\/media?parent=54755"}],"wp:term":[{"taxonomy":"category","embeddable":true,"href":"https:\/\/notinor.com\/jujuy\/wp-json\/wp\/v2\/categories?post=54755"},{"taxonomy":"post_tag","embeddable":true,"href":"https:\/\/notinor.com\/jujuy\/wp-json\/wp\/v2\/tags?post=54755"}],"curies":[{"name":"wp","href":"https:\/\/api.w.org\/{rel}","templated":true}]}}