{"id":54740,"date":"2015-12-14T00:03:44","date_gmt":"2015-12-14T03:03:44","guid":{"rendered":"http:\/\/notinor.com\/jujuy\/?p=54740"},"modified":"2015-12-13T23:46:46","modified_gmt":"2015-12-14T02:46:46","slug":"lombardi-ratifico-que-buscaran-modificar-la-ley-de-medios","status":"publish","type":"post","link":"https:\/\/notinor.com\/jujuy\/lombardi-ratifico-que-buscaran-modificar-la-ley-de-medios\/","title":{"rendered":"Lombardi ratific\u00f3 que buscar\u00e1n modificar la Ley de Medios"},"content":{"rendered":"<p>El titular del Sistema Federal de Medios y Contenidos P\u00fablicos, Hern\u00e1n Lombardi, confirm\u00f3 que el gobierno de Mauricio Macri tiene intenci\u00f3n de modificar la ley de Servicios de Comunicaci\u00f3n Audiovisual (LSCA), pero aclar\u00f3 que hasta tanto lo logren cumplir\u00e1n con el texto.<\/p>\n<p>\"Esta ley la vamos a cumplir porque somos esclavos de la ley, y cuando se modifique cumpliremos con la modificaci\u00f3n\", adelant\u00f3 en di\u00e1logo con La Once Diez. El funcionario consider\u00f3 que la regulaci\u00f3n \"se us\u00f3 para ensa\u00f1arse contra algunos medios\" y adem\u00e1s \"naci\u00f3 vieja, mirando al pasado\" porque \"va a haber apag\u00f3n anal\u00f3gico en 2019\".<\/p>\n<p>Lombardi respald\u00f3 de esta manera los dichos del ministro de Comunicaciones, el radical Oscar Aguad, quien ayer se\u00f1al\u00f3 que \"la Ley de Medios no va a subsistir durante nuestro gobierno\" ya que fue creada para \"aniquilar a medios\" con los que el kirchnerismo \"no estaba de acuerdo\", como el Grupo Clar\u00edn o la emisora cordobesa Cadena 3, entre otros.<\/p>\n<p>Sobre la nueva legislaci\u00f3n que buscar\u00e1 debatir el macrismo, Lombardi aventur\u00f3 que en los pr\u00f3ximos a\u00f1os \"todo va a ser digital\" y que \"hay que mirar c\u00f3mo se informa la gente\". \"Nadie puede obviar el tremendo \u00e9nfasis que tienen las nuevas tecnolog\u00edas, las redes sociales, y los nuevos medios en el siglo XXI. Pareciera absurdo que el Estado se ocupe con tanto \u00e9nfasis de una parte y se desentienda de lo otro\", ampli\u00f3.<\/p>\n<p>Por otro lado, el funcionario se mostr\u00f3 contrariado con la decisi\u00f3n de Mart\u00edn Sabbatella de continuar al frente de la Afsca, la autoridad que otorga licencias audiovisuales, pese a que el Gobierno de Macri le pidi\u00f3 la renuncia.<\/p>\n<p>\"Las leyes que previeron que haya un desfasaje de algunos mandatos tienen su l\u00f3gica, eso hace al equilibrio de fuerzas en un sistema republicano. El problema es que estos funcionarios no honraron sus cargos y se transformaron en funcionarios militantes\", explic\u00f3.<\/p>\n<p>\"El Gobierno va a tomar todos los resotres para llevar adelante las misiones para las que fue elegido\", asegur\u00f3, tras declarar que mantendr\u00e1n la \"firmeza y tenacidad\" para impulsar en el organismo un hombre de su confianza.<\/p>\n","protected":false},"excerpt":{"rendered":"<p>El titular del Sistema Federal de Medios y Contenidos P\u00fablicos, Hern\u00e1n Lombardi, confirm\u00f3 que el gobierno de Mauricio Macri tiene intenci\u00f3n de modificar la ley de Servicios de Comunicaci\u00f3n Audiovisual (LSCA), pero aclar\u00f3 que hasta tanto lo logren cumplir\u00e1n con el texto. \"Esta ley la vamos a cumplir porque somos esclavos de la ley, y [&hellip;]<\/p>\n","protected":false},"author":1,"featured_media":54741,"comment_status":"open","ping_status":"open","sticky":false,"template":"","format":"standard","meta":{"_stopmodifiedupdate":false,"_modified_date":"","inline_featured_image":false},"categories":[5,501],"tags":[],"jetpack_featured_media_url":"https:\/\/notinor.com\/jujuy\/wp-content\/uploads\/2015\/12\/lombardi-ley-de-medios.jpg","_links":{"self":[{"href":"https:\/\/notinor.com\/jujuy\/wp-json\/wp\/v2\/posts\/54740"}],"collection":[{"href":"https:\/\/notinor.com\/jujuy\/wp-json\/wp\/v2\/posts"}],"about":[{"href":"https:\/\/notinor.com\/jujuy\/wp-json\/wp\/v2\/types\/post"}],"author":[{"embeddable":true,"href":"https:\/\/notinor.com\/jujuy\/wp-json\/wp\/v2\/users\/1"}],"replies":[{"embeddable":true,"href":"https:\/\/notinor.com\/jujuy\/wp-json\/wp\/v2\/comments?post=54740"}],"version-history":[{"count":1,"href":"https:\/\/notinor.com\/jujuy\/wp-json\/wp\/v2\/posts\/54740\/revisions"}],"predecessor-version":[{"id":54742,"href":"https:\/\/notinor.com\/jujuy\/wp-json\/wp\/v2\/posts\/54740\/revisions\/54742"}],"wp:featuredmedia":[{"embeddable":true,"href":"https:\/\/notinor.com\/jujuy\/wp-json\/wp\/v2\/media\/54741"}],"wp:attachment":[{"href":"https:\/\/notinor.com\/jujuy\/wp-json\/wp\/v2\/media?parent=54740"}],"wp:term":[{"taxonomy":"category","embeddable":true,"href":"https:\/\/notinor.com\/jujuy\/wp-json\/wp\/v2\/categories?post=54740"},{"taxonomy":"post_tag","embeddable":true,"href":"https:\/\/notinor.com\/jujuy\/wp-json\/wp\/v2\/tags?post=54740"}],"curies":[{"name":"wp","href":"https:\/\/api.w.org\/{rel}","templated":true}]}}