{"id":5380,"date":"2014-11-21T04:52:44","date_gmt":"2014-11-21T04:52:44","guid":{"rendered":"http:\/\/notinor.com\/jujuy\/?p=5380"},"modified":"2014-11-21T04:52:44","modified_gmt":"2014-11-21T04:52:44","slug":"1o-encuentro-nacional-de-docentes-de-musica-en-la-plaza-ricardo-vilca","status":"publish","type":"post","link":"https:\/\/notinor.com\/jujuy\/1o-encuentro-nacional-de-docentes-de-musica-en-la-plaza-ricardo-vilca\/","title":{"rendered":"1\u00ba Encuentro Nacional de Docentes de m\u00fasica en la Plaza \"Ricardo Vilca\""},"content":{"rendered":"<p>En el marco de la celebraci\u00f3n del D\u00eda Mundial de la M\u00fasica se realizara este s\u00e1bado 22 de noviembre el 1\u00ba Encuentro Nacional de Docentes de M\u00fasica en las inmediaciones de la plaza seca \"Ricardo Vilca\", a partir de las 20:30 horas.<!--more--><\/p>\n<p>Este encuentro se llevar\u00e1 a cabo en diversos puntos del pa\u00eds, organizado por el saxofonista Merl\u00edn Santarelli, de la Provincia Buenos Aires; y Patricia Ramos, coordinadora local; con el objetivo de comenzar con los preparativos para el a\u00f1o que viene del primer \"Festival Nacional de Docentes de M\u00fasica\" a realizarse en Buenos Aires.<\/p>\n<p>En referencia a estas actividades, Ramos confirm\u00f3 la presencia de varios m\u00fasicos invitados, entre ellos Alom\u00edas Lizarraga con su grupo de alumnos \u201cSonando Bajo\u201d del Colegio de Arte 42. Asimismo indic\u00f3 que se realizar\u00e1 una conferencia online con los m\u00fasico de Buenos Aires y Rosario para \u201cunir los festejos\u201d.<\/p>\n<p>Por \u00faltimo, hizo saber que se seleccionar\u00e1 un grupo para subsidiarlo y as\u00ed pueda participar el a\u00f1o pr\u00f3ximo del encuentro nacional en Buenos Aires.<\/p>\n","protected":false},"excerpt":{"rendered":"<p>En el marco de la celebraci\u00f3n del D\u00eda Mundial de la M\u00fasica se realizara este s\u00e1bado 22 de noviembre el 1\u00ba Encuentro Nacional de Docentes de M\u00fasica en las inmediaciones de la plaza seca \"Ricardo Vilca\", a partir de las 20:30 horas.<\/p>\n","protected":false},"author":1,"featured_media":5381,"comment_status":"open","ping_status":"open","sticky":false,"template":"","format":"standard","meta":{"_stopmodifiedupdate":false,"_modified_date":"","inline_featured_image":false,"spay_email":"","jetpack_publicize_message":""},"categories":[21],"tags":[],"jetpack_featured_media_url":"https:\/\/notinor.com\/jujuy\/wp-content\/uploads\/2014\/11\/plaza-r-vilca-3_102721.jpg","jetpack_publicize_connections":[],"_links":{"self":[{"href":"https:\/\/notinor.com\/jujuy\/wp-json\/wp\/v2\/posts\/5380"}],"collection":[{"href":"https:\/\/notinor.com\/jujuy\/wp-json\/wp\/v2\/posts"}],"about":[{"href":"https:\/\/notinor.com\/jujuy\/wp-json\/wp\/v2\/types\/post"}],"author":[{"embeddable":true,"href":"https:\/\/notinor.com\/jujuy\/wp-json\/wp\/v2\/users\/1"}],"replies":[{"embeddable":true,"href":"https:\/\/notinor.com\/jujuy\/wp-json\/wp\/v2\/comments?post=5380"}],"version-history":[{"count":1,"href":"https:\/\/notinor.com\/jujuy\/wp-json\/wp\/v2\/posts\/5380\/revisions"}],"predecessor-version":[{"id":5382,"href":"https:\/\/notinor.com\/jujuy\/wp-json\/wp\/v2\/posts\/5380\/revisions\/5382"}],"wp:featuredmedia":[{"embeddable":true,"href":"https:\/\/notinor.com\/jujuy\/wp-json\/wp\/v2\/media\/5381"}],"wp:attachment":[{"href":"https:\/\/notinor.com\/jujuy\/wp-json\/wp\/v2\/media?parent=5380"}],"wp:term":[{"taxonomy":"category","embeddable":true,"href":"https:\/\/notinor.com\/jujuy\/wp-json\/wp\/v2\/categories?post=5380"},{"taxonomy":"post_tag","embeddable":true,"href":"https:\/\/notinor.com\/jujuy\/wp-json\/wp\/v2\/tags?post=5380"}],"curies":[{"name":"wp","href":"https:\/\/api.w.org\/{rel}","templated":true}]}}