{"id":53550,"date":"2015-12-02T00:00:00","date_gmt":"2015-12-02T03:00:00","guid":{"rendered":"http:\/\/notinor.com\/jujuy\/?p=53550"},"modified":"2015-12-02T12:50:01","modified_gmt":"2015-12-02T15:50:01","slug":"el-cdi-mi-pequeno-mundo-celebro-sus-bodas-de-plata","status":"publish","type":"post","link":"https:\/\/notinor.com\/jujuy\/el-cdi-mi-pequeno-mundo-celebro-sus-bodas-de-plata\/","title":{"rendered":"El CDI \u201cMi Peque\u00f1o Mundo\u201d celebr\u00f3 sus Bodas de Plata"},"content":{"rendered":"<p>El Centro de Desarrollo Infantil (CDI) \u201cMi peque\u00f1o Mundo\u201d, dependiente de la Secretaria de Ni\u00f1ez, Adolescencia y Familia del Ministerio de Desarrollo Social, celebr\u00f3 sus Bodas de Plata (1990-2015) en el barrio Santa Rosa.<\/p>\n<p>La Directora del CDI \u201cMi peque\u00f1o Mundo\u201d, Ayda Yampes de Ramos, emocionada record\u00f3 que la instituci\u00f3n inici\u00f3 sus actividades en el a\u00f1o 1990 con el nombre de Jard\u00edn Maternal Mixto,dado que asist\u00edan ni\u00f1os y ni\u00f1as de familias carenciadas y adem\u00e1s de empleados p\u00fablicos, con el correr de los a\u00f1os el nombre se modific\u00f3 a Jard\u00edn Maternal M\u00ed Peque\u00f1o Mundo y en el a\u00f1o 2007 con la Sanci\u00f3n de la ley 26.233 toma el nombre de Centro de Desarrollo Infantil M\u00ed Peque\u00f1o Mundo.<\/p>\n<p>Durante el festejo se realiz\u00f3 el descubrimiento de una placa por los 25 a\u00f1os de la instituci\u00f3n, los ni\u00f1os y personal llevaron a cabo diferentes n\u00fameros art\u00edsticos, tambi\u00e9n se reconoci\u00f3 la labor del personal de la instituci\u00f3n, luego realizaron un brindis con la presencia de las autoridades y representantes de distintas instituciones del barrio.<\/p>\n<p>Actualmente el CDI M\u00ed Peque\u00f1o Mundo cuenta con 36 personas entre docentes, servicios generales y directivos que atienden a 115 ni\u00f1os y ni\u00f1as de 45 d\u00edas a 4 a\u00f1os de edad en turno ma\u00f1ana y tarde,\u00a0 donde se les brinda desayuno, almuerzo, merienda y refuerzo.<\/p>\n<p>&nbsp;<\/p>\n","protected":false},"excerpt":{"rendered":"<p>El Centro de Desarrollo Infantil (CDI) \u201cMi peque\u00f1o Mundo\u201d, dependiente de la Secretaria de Ni\u00f1ez, Adolescencia y Familia del Ministerio de Desarrollo Social, celebr\u00f3 sus Bodas de Plata (1990-2015) en el barrio Santa Rosa. La Directora del CDI \u201cMi peque\u00f1o Mundo\u201d, Ayda Yampes de Ramos, emocionada record\u00f3 que la instituci\u00f3n inici\u00f3 sus actividades en el [&hellip;]<\/p>\n","protected":false},"author":5,"featured_media":53552,"comment_status":"open","ping_status":"open","sticky":false,"template":"","format":"standard","meta":{"_stopmodifiedupdate":false,"_modified_date":"","inline_featured_image":false,"spay_email":"","jetpack_publicize_message":""},"categories":[13],"tags":[],"jetpack_featured_media_url":"https:\/\/notinor.com\/jujuy\/wp-content\/uploads\/2015\/12\/cdi.jpg","jetpack_publicize_connections":[],"_links":{"self":[{"href":"https:\/\/notinor.com\/jujuy\/wp-json\/wp\/v2\/posts\/53550"}],"collection":[{"href":"https:\/\/notinor.com\/jujuy\/wp-json\/wp\/v2\/posts"}],"about":[{"href":"https:\/\/notinor.com\/jujuy\/wp-json\/wp\/v2\/types\/post"}],"author":[{"embeddable":true,"href":"https:\/\/notinor.com\/jujuy\/wp-json\/wp\/v2\/users\/5"}],"replies":[{"embeddable":true,"href":"https:\/\/notinor.com\/jujuy\/wp-json\/wp\/v2\/comments?post=53550"}],"version-history":[{"count":1,"href":"https:\/\/notinor.com\/jujuy\/wp-json\/wp\/v2\/posts\/53550\/revisions"}],"predecessor-version":[{"id":53553,"href":"https:\/\/notinor.com\/jujuy\/wp-json\/wp\/v2\/posts\/53550\/revisions\/53553"}],"wp:featuredmedia":[{"embeddable":true,"href":"https:\/\/notinor.com\/jujuy\/wp-json\/wp\/v2\/media\/53552"}],"wp:attachment":[{"href":"https:\/\/notinor.com\/jujuy\/wp-json\/wp\/v2\/media?parent=53550"}],"wp:term":[{"taxonomy":"category","embeddable":true,"href":"https:\/\/notinor.com\/jujuy\/wp-json\/wp\/v2\/categories?post=53550"},{"taxonomy":"post_tag","embeddable":true,"href":"https:\/\/notinor.com\/jujuy\/wp-json\/wp\/v2\/tags?post=53550"}],"curies":[{"name":"wp","href":"https:\/\/api.w.org\/{rel}","templated":true}]}}