{"id":53531,"date":"2015-12-02T00:03:39","date_gmt":"2015-12-02T03:03:39","guid":{"rendered":"http:\/\/notinor.com\/jujuy\/?p=53531"},"modified":"2015-12-01T21:34:54","modified_gmt":"2015-12-02T00:34:54","slug":"preocupacion-por-los-cambios-en-coparticipacion-que-decreto-cfk","status":"publish","type":"post","link":"https:\/\/notinor.com\/jujuy\/preocupacion-por-los-cambios-en-coparticipacion-que-decreto-cfk\/","title":{"rendered":"Preocupaci\u00f3n por los cambios en coparticipaci\u00f3n que decret\u00f3 CFK"},"content":{"rendered":"<p>&nbsp;<\/p>\n<p>Dos futuros ministros admiten que fue un golpe no esperado y que \"se sentir\u00e1 en las cuentas de la Anses\".<\/p>\n<p>El futuro ministro del Interior, Rogelio Frigerio, se\u00f1al\u00f3 \u00a0que el fallo de la Corte Suprema \"agarr\u00f3 de sorpresa\" al futuro equipo econ\u00f3mico. La decisi\u00f3n obligar\u00eda a replantear las relaciones entre el Poder Ejecutivo y las provincias por el reparto de fondos coparticipables. Frigerio, que ejercer\u00e1 un rol de nexo entre el Gobierno nacional y los gobernadores, expres\u00f3 que har\u00e1n \"todo lo humanamente posible para asistir\" a los distritos que necesiten ayuda.<\/p>\n<p>Una de las consecuencias de la decisi\u00f3n del Gobierno nacional es que los recursos que ir\u00e1n para las provincias ser\u00e1n retenidos a la Anses. El cese de la detracci\u00f3n del 15% de la masa de impuestos coparticipables a la totalidad de las jurisdicciones provinciales, fue calificada por el futuro ministro de Trabajo, Jorge Triaca, como \"un fuerte golpe a la Anses\", organismo beneficiado por esos fondos.<\/p>\n<p>\"Es un golpe muy fuerte para los recursos que administra la Anses\", se\u00f1al\u00f3 Triaca y anticip\u00f3 que \"es algo que vamos a tratar hoy con los ministros que integran el gabinete econ\u00f3mico del futuro gobierno de Mauricio Macri\".<\/p>\n<p>Por medio del Decreto de Necesidad y Urgencia 2635\/2015, la presidenta Cristina Fern\u00e1ndez resolvi\u00f3 hoy que se deje de descontar a las provincias el 15% de la coparticipaci\u00f3n de impuestos y el 1,9% de la recaudaci\u00f3n neta de impuestos y recursos aduaneros que se destina a financiar los gastos operativos de la AFIP. Con esta decici\u00f3n, el Gobierno cede a las provincias $ 125.000 millones que iban a la Anses y la AFIP.<\/p>\n<p>La medida implica una complicaci\u00f3n presupuestaria extra para el Gobierno de Mauricio Macri que arranca el 10 de diciembre, que recibir\u00e1 las arcas con una poda a la recaudaci\u00f3n y un rojo fiscal que ya trepa al 7%.<\/p>\n","protected":false},"excerpt":{"rendered":"<p>&nbsp; Dos futuros ministros admiten que fue un golpe no esperado y que \"se sentir\u00e1 en las cuentas de la Anses\". El futuro ministro del Interior, Rogelio Frigerio, se\u00f1al\u00f3 \u00a0que el fallo de la Corte Suprema \"agarr\u00f3 de sorpresa\" al futuro equipo econ\u00f3mico. La decisi\u00f3n obligar\u00eda a replantear las relaciones entre el Poder Ejecutivo y [&hellip;]<\/p>\n","protected":false},"author":1,"featured_media":53532,"comment_status":"open","ping_status":"open","sticky":false,"template":"","format":"standard","meta":{"_stopmodifiedupdate":false,"_modified_date":"","inline_featured_image":false,"spay_email":"","jetpack_publicize_message":""},"categories":[5,501],"tags":[],"jetpack_featured_media_url":"https:\/\/notinor.com\/jujuy\/wp-content\/uploads\/2015\/12\/frigerio.jpg","jetpack_publicize_connections":[],"_links":{"self":[{"href":"https:\/\/notinor.com\/jujuy\/wp-json\/wp\/v2\/posts\/53531"}],"collection":[{"href":"https:\/\/notinor.com\/jujuy\/wp-json\/wp\/v2\/posts"}],"about":[{"href":"https:\/\/notinor.com\/jujuy\/wp-json\/wp\/v2\/types\/post"}],"author":[{"embeddable":true,"href":"https:\/\/notinor.com\/jujuy\/wp-json\/wp\/v2\/users\/1"}],"replies":[{"embeddable":true,"href":"https:\/\/notinor.com\/jujuy\/wp-json\/wp\/v2\/comments?post=53531"}],"version-history":[{"count":1,"href":"https:\/\/notinor.com\/jujuy\/wp-json\/wp\/v2\/posts\/53531\/revisions"}],"predecessor-version":[{"id":53533,"href":"https:\/\/notinor.com\/jujuy\/wp-json\/wp\/v2\/posts\/53531\/revisions\/53533"}],"wp:featuredmedia":[{"embeddable":true,"href":"https:\/\/notinor.com\/jujuy\/wp-json\/wp\/v2\/media\/53532"}],"wp:attachment":[{"href":"https:\/\/notinor.com\/jujuy\/wp-json\/wp\/v2\/media?parent=53531"}],"wp:term":[{"taxonomy":"category","embeddable":true,"href":"https:\/\/notinor.com\/jujuy\/wp-json\/wp\/v2\/categories?post=53531"},{"taxonomy":"post_tag","embeddable":true,"href":"https:\/\/notinor.com\/jujuy\/wp-json\/wp\/v2\/tags?post=53531"}],"curies":[{"name":"wp","href":"https:\/\/api.w.org\/{rel}","templated":true}]}}