{"id":53529,"date":"2015-12-02T00:02:28","date_gmt":"2015-12-02T03:02:28","guid":{"rendered":"http:\/\/notinor.com\/jujuy\/?p=53529"},"modified":"2015-12-01T21:32:04","modified_gmt":"2015-12-02T00:32:04","slug":"kicillof-advirtio-que-se-aplicaran-multas-por-los-aumentos-de-precios","status":"publish","type":"post","link":"https:\/\/notinor.com\/jujuy\/kicillof-advirtio-que-se-aplicaran-multas-por-los-aumentos-de-precios\/","title":{"rendered":"Kicillof advirti\u00f3 que se aplicar\u00e1n multas por los aumentos de precios"},"content":{"rendered":"<p>El ministro de Econom\u00eda neg\u00f3 que se hayan relajado los controles y responsabiliz\u00f3 al presidente electo y a su equipo por \"anunciar una devaluaci\u00f3n\"<\/p>\n<p>El ministro de Econom\u00eda Axel Kicillof inform\u00f3 que desde su cartera se aplicar\u00e1n multas por los marcados aumentos de precios registrados de los \u00faltimos d\u00edas y responsabiliz\u00f3 por esas subas al gobierno electo, que encabeza el jefe de gobierno porte\u00f1o Mauricio Macri.<\/p>\n<p>\"[Los aumentos de precios de los \u00faltimos d\u00edas] no son un fen\u00f3meno generalizado pero s\u00ed en algunos productos y variedades hubo importantes aumentos. En la Argentina los precios los aplican las empresas, seg\u00fan sus criterios. Vimos denuncias por los precios, porque tenemos precios acordados con las empresas y observamos movimientos. Y lejos de dejar los controles tenemos m\u00e1s inspectores en la calle\", inform\u00f3 el ministro en di\u00e1logo con el canal C5N.<\/p>\n<p>\"[Cuando aumentan los precios] remiten a lo siguiente: dicen que como va a haber una devaluaci\u00f3n, van a tener en cuenta ese aumento para cuando vayan a comprar una nueva mercader\u00eda . Lo mismo con los subsidios\", agreg\u00f3.<\/p>\n<p>\"No es que relajamos controles\", insisti\u00f3 el ministro kirchnerista. \"Se est\u00e1 planteando una pol\u00edtica de mercado [desde el macrismo], sin \u00e1nimo de evaluarla, una pol\u00edtica de devaluaci\u00f3n. Se discuti\u00f3 esto en la campa\u00f1a electoral. Anunciar estas medidas tiene estos costos\", sostuvo Kicillof.<\/p>\n<p>En la misma l\u00ednea cr\u00edtica continu\u00f3: \"No tengo \u00e1nimo de decir lo que pienso que van a hacer. Ya hemos tenido conversaciones con nuevas autoridades. En un cambio de administraci\u00f3n, si siguen las mismas pol\u00edticas, van a tener los mismos resultados. Con otras pol\u00edticas van a tener otros resultados\", subray\u00f3.<\/p>\n<p>Y remarc\u00f3 acerca de las sanciones: \"Se aplican multas ante los que est\u00e9n incumpliendo. Me dicen, pero qu\u00e9 quer\u00e9s que haga, si ya han anunciado una devaluaci\u00f3n\".<\/p>\n","protected":false},"excerpt":{"rendered":"<p>El ministro de Econom\u00eda neg\u00f3 que se hayan relajado los controles y responsabiliz\u00f3 al presidente electo y a su equipo por \"anunciar una devaluaci\u00f3n\" El ministro de Econom\u00eda Axel Kicillof inform\u00f3 que desde su cartera se aplicar\u00e1n multas por los marcados aumentos de precios registrados de los \u00faltimos d\u00edas y responsabiliz\u00f3 por esas subas al [&hellip;]<\/p>\n","protected":false},"author":1,"featured_media":34092,"comment_status":"open","ping_status":"open","sticky":false,"template":"","format":"standard","meta":{"_stopmodifiedupdate":false,"_modified_date":"","inline_featured_image":false,"spay_email":"","jetpack_publicize_message":""},"categories":[5,501],"tags":[],"jetpack_featured_media_url":"https:\/\/notinor.com\/jujuy\/wp-content\/uploads\/2015\/06\/kicillof-macri.jpg","jetpack_publicize_connections":[],"_links":{"self":[{"href":"https:\/\/notinor.com\/jujuy\/wp-json\/wp\/v2\/posts\/53529"}],"collection":[{"href":"https:\/\/notinor.com\/jujuy\/wp-json\/wp\/v2\/posts"}],"about":[{"href":"https:\/\/notinor.com\/jujuy\/wp-json\/wp\/v2\/types\/post"}],"author":[{"embeddable":true,"href":"https:\/\/notinor.com\/jujuy\/wp-json\/wp\/v2\/users\/1"}],"replies":[{"embeddable":true,"href":"https:\/\/notinor.com\/jujuy\/wp-json\/wp\/v2\/comments?post=53529"}],"version-history":[{"count":1,"href":"https:\/\/notinor.com\/jujuy\/wp-json\/wp\/v2\/posts\/53529\/revisions"}],"predecessor-version":[{"id":53530,"href":"https:\/\/notinor.com\/jujuy\/wp-json\/wp\/v2\/posts\/53529\/revisions\/53530"}],"wp:featuredmedia":[{"embeddable":true,"href":"https:\/\/notinor.com\/jujuy\/wp-json\/wp\/v2\/media\/34092"}],"wp:attachment":[{"href":"https:\/\/notinor.com\/jujuy\/wp-json\/wp\/v2\/media?parent=53529"}],"wp:term":[{"taxonomy":"category","embeddable":true,"href":"https:\/\/notinor.com\/jujuy\/wp-json\/wp\/v2\/categories?post=53529"},{"taxonomy":"post_tag","embeddable":true,"href":"https:\/\/notinor.com\/jujuy\/wp-json\/wp\/v2\/tags?post=53529"}],"curies":[{"name":"wp","href":"https:\/\/api.w.org\/{rel}","templated":true}]}}