{"id":53516,"date":"2015-12-02T00:00:27","date_gmt":"2015-12-02T03:00:27","guid":{"rendered":"http:\/\/notinor.com\/jujuy\/?p=53516"},"modified":"2015-12-01T21:18:22","modified_gmt":"2015-12-02T00:18:22","slug":"alemania-enviara-1200-soldados-a-siria-e-irak-para-combatir-al-isis","status":"publish","type":"post","link":"https:\/\/notinor.com\/jujuy\/alemania-enviara-1200-soldados-a-siria-e-irak-para-combatir-al-isis\/","title":{"rendered":"Alemania enviar\u00e1 1200 soldados a Siria e Irak para combatir al ISIS"},"content":{"rendered":"<p>El Consejo de Ministros aprob\u00f3 hoy la misi\u00f3n militar de apoyo a Francia contra el grupo jihadista<\/p>\n<p>BERL\u00cdN.- El gobierno de Alemania aprob\u00f3 hoy la misi\u00f3n militar de apoyo a Francia contra el grupo jihadista Estado Isl\u00e1mico, que contempla el despliegue de hasta 1200 soldados en labores de reconocimiento, seguridad y log\u00edstica en Siria e Irak.<\/p>\n<p>La misi\u00f3n, que est\u00e1 limitada inicialmente a un a\u00f1o, como ocurre por regla general con las operaciones del Bundeswehr (el ej\u00e9rcito alem\u00e1n) en el extranjero, ser\u00e1 sometida previsiblemente esta misma semana al voto del Bundestag.<\/p>\n<p>Como respuesta a los ataques terroristas perpetrados en Par\u00eds el pasado 13 de noviembre, en los que murieron al menos 130 personas, Alemania se sumar\u00e1 a la lucha contra EI con vuelos de reconocimiento con aviones Tornado y el uso de sat\u00e9lites.<\/p>\n<p>\"De esta manera ser\u00e1 posible registrar tambi\u00e9n movimientos transfronterizos, as\u00ed como la verdadera dimensi\u00f3n del territorio de operaci\u00f3n e influencia\" de la organizaci\u00f3n yihadista, subray\u00f3 el Gobierno alem\u00e1n en un comunicado.<\/p>\n<p>La misi\u00f3n incluye adem\u00e1s el uso de una nave nodriza para suministrar combustible a los bombarderos franceses, as\u00ed como el env\u00edo de una fragata, que contribuir\u00e1 a la protecci\u00f3n del portaaviones franc\u00e9s Charles de Gaulles.<\/p>\n<p>Alemania ampliar\u00e1 asimismo su compromiso civil en Siria y pa\u00edses vecinos, como Irak, con el fin de ayudar a refugiados, desplazados internos y a la poblaci\u00f3n que los acoge.<\/p>\n<p>\"Debido a su violento ideario extremista y salafista, sus acciones terroristas y sus persistentes ataques graves, sistem\u00e1ticos y extendidos contra civiles, as\u00ed como su reclutamiento y entrenamiento de combatientes extranjeros, el llamado EI representa, tambi\u00e9n seg\u00fan una resoluci\u00f3n de Naciones Unidas, una amenaza a la paz mundial y a la seguridad internacional\", destac\u00f3 el Gobierno.<\/p>\n<p>El presidente de la Federaci\u00f3n del Ej\u00e9rcito Alem\u00e1n, Andr\u00e9 W\u00fcstner, espera una larga lucha contra el EI. \"Creo que este combate, si se toma en serio, puede durar m\u00e1s de diez a\u00f1os\", coment\u00f3 en la televisi\u00f3n p\u00fablica alemana ARD.<\/p>\n<p>Por su parte, la titular de Defensa alemana, Ursula von der Leyen, afirm\u00f3 hoy en declaraciones a la emisora Deutschlandfunk que \"no habr\u00e1 cooperaci\u00f3n alguna con las tropas bajo el mando del [presidente sirio, Bashar) Al-Assad\" en la lucha contra el EI.<\/p>\n<p>\"No cooperaremos con responsables que tienen sus manos manchadas de sangre\", agreg\u00f3 la ministra, quien incidi\u00f3 en que \"no habr\u00e1 futuro con Asad\".<\/p>\n<p>El despliegue alem\u00e1n responde a la petici\u00f3n de Francia tras los atentados de Par\u00eds de un mayor apoyo en la lucha contra el EI en Irak y Siria y se fundamenta jur\u00eddicamente en el art\u00edculo 51 de Naciones Unidas, el art\u00edculo 42.7 del Tratado de la Uni\u00f3n Europea y el art\u00edculo 24.2 de la Ley Fundamental alemana, a\u00f1adi\u00f3.<\/p>\n<p>El Consejo de Ministros aprob\u00f3, asimismo, una mayor presencia alemana en la lucha contra el terrorismo islamista en Mali, as\u00ed como ayuda m\u00e9dica inmediata en caso de eventuales desastres de grandes dimensiones en Francia.<\/p>\n<p>El Ejecutivo alem\u00e1n ya hab\u00eda anunciado hace unos d\u00edas el env\u00edo de hasta 650 soldados a Mali -que se sumar\u00edan a los 200 ya desplegados ah\u00ed- con el objetivo de liberar a Francia de cargas en la estabilizaci\u00f3n de ese pa\u00eds africano.<\/p>\n<p>Agencia DPA y EFE<\/p>\n","protected":false},"excerpt":{"rendered":"<p>El Consejo de Ministros aprob\u00f3 hoy la misi\u00f3n militar de apoyo a Francia contra el grupo jihadista BERL\u00cdN.- El gobierno de Alemania aprob\u00f3 hoy la misi\u00f3n militar de apoyo a Francia contra el grupo jihadista Estado Isl\u00e1mico, que contempla el despliegue de hasta 1200 soldados en labores de reconocimiento, seguridad y log\u00edstica en Siria e [&hellip;]<\/p>\n","protected":false},"author":1,"featured_media":53517,"comment_status":"open","ping_status":"open","sticky":false,"template":"","format":"standard","meta":{"_stopmodifiedupdate":false,"_modified_date":"","inline_featured_image":false,"spay_email":"","jetpack_publicize_message":""},"categories":[6],"tags":[],"jetpack_featured_media_url":"https:\/\/notinor.com\/jujuy\/wp-content\/uploads\/2015\/12\/soldados-alemanes.jpg","jetpack_publicize_connections":[],"_links":{"self":[{"href":"https:\/\/notinor.com\/jujuy\/wp-json\/wp\/v2\/posts\/53516"}],"collection":[{"href":"https:\/\/notinor.com\/jujuy\/wp-json\/wp\/v2\/posts"}],"about":[{"href":"https:\/\/notinor.com\/jujuy\/wp-json\/wp\/v2\/types\/post"}],"author":[{"embeddable":true,"href":"https:\/\/notinor.com\/jujuy\/wp-json\/wp\/v2\/users\/1"}],"replies":[{"embeddable":true,"href":"https:\/\/notinor.com\/jujuy\/wp-json\/wp\/v2\/comments?post=53516"}],"version-history":[{"count":1,"href":"https:\/\/notinor.com\/jujuy\/wp-json\/wp\/v2\/posts\/53516\/revisions"}],"predecessor-version":[{"id":53518,"href":"https:\/\/notinor.com\/jujuy\/wp-json\/wp\/v2\/posts\/53516\/revisions\/53518"}],"wp:featuredmedia":[{"embeddable":true,"href":"https:\/\/notinor.com\/jujuy\/wp-json\/wp\/v2\/media\/53517"}],"wp:attachment":[{"href":"https:\/\/notinor.com\/jujuy\/wp-json\/wp\/v2\/media?parent=53516"}],"wp:term":[{"taxonomy":"category","embeddable":true,"href":"https:\/\/notinor.com\/jujuy\/wp-json\/wp\/v2\/categories?post=53516"},{"taxonomy":"post_tag","embeddable":true,"href":"https:\/\/notinor.com\/jujuy\/wp-json\/wp\/v2\/tags?post=53516"}],"curies":[{"name":"wp","href":"https:\/\/api.w.org\/{rel}","templated":true}]}}