{"id":53503,"date":"2015-12-01T17:59:19","date_gmt":"2015-12-01T20:59:19","guid":{"rendered":"http:\/\/notinor.com\/jujuy\/?p=53503"},"modified":"2015-12-01T17:59:36","modified_gmt":"2015-12-01T20:59:36","slug":"mario-sciacqua-el-rosarino-es-nuevamente-entrenador-de-gimnasia-y-esgrima-de-jujuy","status":"publish","type":"post","link":"https:\/\/notinor.com\/jujuy\/mario-sciacqua-el-rosarino-es-nuevamente-entrenador-de-gimnasia-y-esgrima-de-jujuy\/","title":{"rendered":"Mario Sciacqua  el rosarino es nuevamente entrenador de Gimnasia y Esgrima de Jujuy."},"content":{"rendered":"<p>El entrenador santafesino ser\u00e1 nuevamente el conductor albiceleste tras su paso por el club en 2014. El t\u00e9cnico cerr\u00f3 su llegada al Lobo en Buenos Aires junto al presidente Fernando Y\u00e9cora. Andr\u00e9s Lillini ser\u00e1 su ayudante de campo para la temporada 2016.<\/p>\n<p><a href=\"http:\/\/notinor.com\/jujuy\/wp-content\/uploads\/2015\/12\/0000303097.jpg\"><img decoding=\"async\" loading=\"lazy\" class=\"aligncenter wp-image-53505\" src=\"http:\/\/notinor.com\/jujuy\/wp-content\/uploads\/2015\/12\/0000303097.jpg\" alt=\"0000303097\" width=\"615\" height=\"408\" srcset=\"https:\/\/notinor.com\/jujuy\/wp-content\/uploads\/2015\/12\/0000303097.jpg 931w, https:\/\/notinor.com\/jujuy\/wp-content\/uploads\/2015\/12\/0000303097-300x199.jpg 300w, https:\/\/notinor.com\/jujuy\/wp-content\/uploads\/2015\/12\/0000303097-900x597.jpg 900w\" sizes=\"(max-width: 615px) 100vw, 615px\" \/><\/a><br \/>\nMario Sciacqua volver\u00e1 a dirigir a Gimnasia y Esgrima de Jujuy, luego de la renuncia de Gabriel Sch\u00fcrrer. Ser\u00e1 el segundo ciclo del entrenador santafesino. Andr\u00e9s Lillini, reconocido en el \u00e1mbito profesional por estar ligado al trabajo de juveniles, quien ya acompa\u00f1\u00f3 al flamante entrenador en la primera divisi\u00f3n de San Luis de Quillota, ser\u00e1 su ayudante de campo. Sin lugar a dudas ser\u00e1 uno de los nombres m\u00e1s reconocidos que acompa\u00f1ar\u00e1 a Sciacqua en este desaf\u00edo en Jujuy.<\/p>\n<p>\u201cDesde mis inicios siempre me gust\u00f3 estar ligado a juveniles, es mi gran pasi\u00f3n y por lo que me capacit\u00e9. Todo el recorrido que he hecho en el f\u00fatbol en la parte profesional siempre ha sido en juveniles. Los \u00faltimos a\u00f1os he tenido algunas participaciones en Primera con algunos t\u00e9cnicos y ahora tom\u00e9 la decisi\u00f3n de acompa\u00f1ar a Mario para plasmar el trabajo junto a \u00e9l en todo lo que necesite\u201d.<\/p>\n<p>El antecedente laboral m\u00e1s cercano del argentino es su trabajo de cuatro a\u00f1os en el CSKA de Mosc\u00fa, club ruso que participa activamente de competencias internacionales. Ah\u00ed, Lillino trabaj\u00f3 como Director de las juveniles y en apoyos al t\u00e9cnico del Primer Equipo. \u201cEn el CSKA ayudaba al t\u00e9cnico de la Primera Divisi\u00f3n en los partidos de la Champions League, en los an\u00e1lisis del rival\u201d.<\/p>\n<p>&nbsp;<\/p>\n<p>&nbsp;<\/p>\n<p>&nbsp;<\/p>\n<p>via jujuy al momento<\/p>\n","protected":false},"excerpt":{"rendered":"<p>El entrenador santafesino ser\u00e1 nuevamente el conductor albiceleste tras su paso por el club en 2014. El t\u00e9cnico cerr\u00f3 su llegada al Lobo en Buenos Aires junto al presidente Fernando Y\u00e9cora. Andr\u00e9s Lillini ser\u00e1 su ayudante de campo para la temporada 2016. Mario Sciacqua volver\u00e1 a dirigir a Gimnasia y Esgrima de Jujuy, luego de [&hellip;]<\/p>\n","protected":false},"author":1,"featured_media":53505,"comment_status":"open","ping_status":"open","sticky":false,"template":"","format":"standard","meta":{"_stopmodifiedupdate":false,"_modified_date":"","inline_featured_image":false,"spay_email":"","jetpack_publicize_message":""},"categories":[7],"tags":[],"jetpack_featured_media_url":"https:\/\/notinor.com\/jujuy\/wp-content\/uploads\/2015\/12\/0000303097.jpg","jetpack_publicize_connections":[],"_links":{"self":[{"href":"https:\/\/notinor.com\/jujuy\/wp-json\/wp\/v2\/posts\/53503"}],"collection":[{"href":"https:\/\/notinor.com\/jujuy\/wp-json\/wp\/v2\/posts"}],"about":[{"href":"https:\/\/notinor.com\/jujuy\/wp-json\/wp\/v2\/types\/post"}],"author":[{"embeddable":true,"href":"https:\/\/notinor.com\/jujuy\/wp-json\/wp\/v2\/users\/1"}],"replies":[{"embeddable":true,"href":"https:\/\/notinor.com\/jujuy\/wp-json\/wp\/v2\/comments?post=53503"}],"version-history":[{"count":1,"href":"https:\/\/notinor.com\/jujuy\/wp-json\/wp\/v2\/posts\/53503\/revisions"}],"predecessor-version":[{"id":53506,"href":"https:\/\/notinor.com\/jujuy\/wp-json\/wp\/v2\/posts\/53503\/revisions\/53506"}],"wp:featuredmedia":[{"embeddable":true,"href":"https:\/\/notinor.com\/jujuy\/wp-json\/wp\/v2\/media\/53505"}],"wp:attachment":[{"href":"https:\/\/notinor.com\/jujuy\/wp-json\/wp\/v2\/media?parent=53503"}],"wp:term":[{"taxonomy":"category","embeddable":true,"href":"https:\/\/notinor.com\/jujuy\/wp-json\/wp\/v2\/categories?post=53503"},{"taxonomy":"post_tag","embeddable":true,"href":"https:\/\/notinor.com\/jujuy\/wp-json\/wp\/v2\/tags?post=53503"}],"curies":[{"name":"wp","href":"https:\/\/api.w.org\/{rel}","templated":true}]}}