{"id":53489,"date":"2015-12-01T12:29:43","date_gmt":"2015-12-01T15:29:43","guid":{"rendered":"http:\/\/notinor.com\/jujuy\/?p=53489"},"modified":"2015-12-01T12:36:20","modified_gmt":"2015-12-01T15:36:20","slug":"condenaron-a-menem-y-a-cavallo-por-sobresueldos-pero-seguiran-libres","status":"publish","type":"post","link":"https:\/\/notinor.com\/jujuy\/condenaron-a-menem-y-a-cavallo-por-sobresueldos-pero-seguiran-libres\/","title":{"rendered":"Condenaron a Menem y a Cavallo por sobresueldos, pero seguir\u00e1n libres"},"content":{"rendered":"<p>El Tribunal Oral en lo Criminal Federal N\u00b0 4 conden\u00f3 hoy al ex presidente Carlos Menem y el ex ministro de Econom\u00eda Domingo Cavallo en un juicio oral por el delito de peculado.<\/p>\n<p>El tribunal, que est\u00e1 presidido por el juez Oscar Bertuzzi e integrado por los magistrados Patricia Mallo y N\u00e9stor Costabel, impuso la pena de 4 a\u00f1os y 6 meses para Menem y de 3 a\u00f1os y 6 meses para Cavallo.<\/p>\n<p><b>Tambi\u00e9n result\u00f3 condenado ex ministro de Justicia Ra\u00fal Granillo Ocampo<\/b>, por el cobro de sobresueldos, y le impuso una pena de tres a\u00f1os y tres meses de c\u00e1rcel. En cambio, tambi\u00e9n fueron absueltos, al igual que Alsogaray, Ra\u00fal Castellini, Heriberto Baeza Gonz\u00e1lez, Jos\u00e9 Torzillo, Enrique Kaplan y Jos\u00e9 Coronel.<\/p>\n<p>La decisi\u00f3n se difundi\u00f3 hoy a trav\u00e9s de la p\u00e1gina oficial de la Corte Suprema, aunque no circularon los argumentos que la sostuvieron.<\/p>\n<p>El tribunal comunic\u00f3 que dar\u00e1 a conocer los fundamentos del veredicto el pr\u00f3ximo 2 de marzo. Mientras tanto, Menem y Cavallo podr\u00e1n permanecer en libertad hasta que el fallo quede firme. El ex presidente ya fue condenado por el contrabando de armas a Ecuador y Croacia y afronta un juicio oral por presunto delito en la investigaci\u00f3n del atentado contra la AMIA.<\/p>\n<p>Mientras tanto, Menem y Cavallo podr\u00e1n permanecer en libertad hasta que el fallo quede firme. El ex presidente ya fue condenado por el contrabando de armas a Ecuador y Croacia y afronta un juicio oral por presunto delito en la investigaci\u00f3n del atentado contra la AMIA.<\/p>\n","protected":false},"excerpt":{"rendered":"<p>El Tribunal Oral en lo Criminal Federal N\u00b0 4 conden\u00f3 hoy al ex presidente Carlos Menem y el ex ministro de Econom\u00eda Domingo Cavallo en un juicio oral por el delito de peculado. El tribunal, que est\u00e1 presidido por el juez Oscar Bertuzzi e integrado por los magistrados Patricia Mallo y N\u00e9stor Costabel, impuso la [&hellip;]<\/p>\n","protected":false},"author":1,"featured_media":53490,"comment_status":"open","ping_status":"open","sticky":false,"template":"","format":"standard","meta":{"_stopmodifiedupdate":false,"_modified_date":"","inline_featured_image":false,"spay_email":"","jetpack_publicize_message":""},"categories":[5,501],"tags":[],"jetpack_featured_media_url":"https:\/\/notinor.com\/jujuy\/wp-content\/uploads\/2015\/12\/menem-cavallo.jpg","jetpack_publicize_connections":[],"_links":{"self":[{"href":"https:\/\/notinor.com\/jujuy\/wp-json\/wp\/v2\/posts\/53489"}],"collection":[{"href":"https:\/\/notinor.com\/jujuy\/wp-json\/wp\/v2\/posts"}],"about":[{"href":"https:\/\/notinor.com\/jujuy\/wp-json\/wp\/v2\/types\/post"}],"author":[{"embeddable":true,"href":"https:\/\/notinor.com\/jujuy\/wp-json\/wp\/v2\/users\/1"}],"replies":[{"embeddable":true,"href":"https:\/\/notinor.com\/jujuy\/wp-json\/wp\/v2\/comments?post=53489"}],"version-history":[{"count":2,"href":"https:\/\/notinor.com\/jujuy\/wp-json\/wp\/v2\/posts\/53489\/revisions"}],"predecessor-version":[{"id":53492,"href":"https:\/\/notinor.com\/jujuy\/wp-json\/wp\/v2\/posts\/53489\/revisions\/53492"}],"wp:featuredmedia":[{"embeddable":true,"href":"https:\/\/notinor.com\/jujuy\/wp-json\/wp\/v2\/media\/53490"}],"wp:attachment":[{"href":"https:\/\/notinor.com\/jujuy\/wp-json\/wp\/v2\/media?parent=53489"}],"wp:term":[{"taxonomy":"category","embeddable":true,"href":"https:\/\/notinor.com\/jujuy\/wp-json\/wp\/v2\/categories?post=53489"},{"taxonomy":"post_tag","embeddable":true,"href":"https:\/\/notinor.com\/jujuy\/wp-json\/wp\/v2\/tags?post=53489"}],"curies":[{"name":"wp","href":"https:\/\/api.w.org\/{rel}","templated":true}]}}