{"id":53485,"date":"2015-12-01T12:19:22","date_gmt":"2015-12-01T15:19:22","guid":{"rendered":"http:\/\/notinor.com\/jujuy\/?p=53485"},"modified":"2015-12-01T12:23:02","modified_gmt":"2015-12-01T15:23:02","slug":"municipales-de-palpala-cortan-la-ruta-66","status":"publish","type":"post","link":"https:\/\/notinor.com\/jujuy\/municipales-de-palpala-cortan-la-ruta-66\/","title":{"rendered":"Municipales de Palpal\u00e1 cortan la Ruta 66"},"content":{"rendered":"<p>Trabajadores municipales de Palpal\u00e1, cortan la ruta 66, a la entrada de la ciudad de Sider\u00fargica.<\/p>\n<p>De acuerdo a la informaci\u00f3n de nuestro corresponsal, la raz\u00f3n ser\u00eda una deuda de $2 millones que mantiene el municipio con el SEOM que, debido a la deuda, no puede prestar los servicios y beneficios comerciales a sus afiliados. el municipio habr\u00eda cortado los pagos a la entidad gremial desde hace tre meses.<\/p>\n<p>Hay profundo malestar por el t\u00e9rmino de la gesti\u00f3n del actual intendente Ort\u00edz, que se concretar\u00e1 \u00e9ste 10 de diciembre, y los trabajadores exigen que la comuna se haga cargo de la deuda antes de que se produzca el cambio de gobierno. Tambi\u00e9n exigen la intervnci\u00f3n del gobernador Fellner.<\/p>\n<p>Los trabajadores mantendr\u00e1 la medida de fuerza hasta tanto reciban una respuesta satisactoria; permiten el tr\u00e1nsito cada 30 minutos.<\/p>\n","protected":false},"excerpt":{"rendered":"<p>Trabajadores municipales de Palpal\u00e1, cortan la ruta 66, a la entrada de la ciudad de Sider\u00fargica. De acuerdo a la informaci\u00f3n de nuestro corresponsal, la raz\u00f3n ser\u00eda una deuda de $2 millones que mantiene el municipio con el SEOM que, debido a la deuda, no puede prestar los servicios y beneficios comerciales a sus afiliados. [&hellip;]<\/p>\n","protected":false},"author":1,"featured_media":53488,"comment_status":"open","ping_status":"open","sticky":false,"template":"","format":"standard","meta":{"_stopmodifiedupdate":false,"_modified_date":"","inline_featured_image":false,"spay_email":"","jetpack_publicize_message":""},"categories":[485],"tags":[],"jetpack_featured_media_url":"https:\/\/notinor.com\/jujuy\/wp-content\/uploads\/2015\/12\/corte-palpala-2.jpg","jetpack_publicize_connections":[],"_links":{"self":[{"href":"https:\/\/notinor.com\/jujuy\/wp-json\/wp\/v2\/posts\/53485"}],"collection":[{"href":"https:\/\/notinor.com\/jujuy\/wp-json\/wp\/v2\/posts"}],"about":[{"href":"https:\/\/notinor.com\/jujuy\/wp-json\/wp\/v2\/types\/post"}],"author":[{"embeddable":true,"href":"https:\/\/notinor.com\/jujuy\/wp-json\/wp\/v2\/users\/1"}],"replies":[{"embeddable":true,"href":"https:\/\/notinor.com\/jujuy\/wp-json\/wp\/v2\/comments?post=53485"}],"version-history":[{"count":1,"href":"https:\/\/notinor.com\/jujuy\/wp-json\/wp\/v2\/posts\/53485\/revisions"}],"predecessor-version":[{"id":53487,"href":"https:\/\/notinor.com\/jujuy\/wp-json\/wp\/v2\/posts\/53485\/revisions\/53487"}],"wp:featuredmedia":[{"embeddable":true,"href":"https:\/\/notinor.com\/jujuy\/wp-json\/wp\/v2\/media\/53488"}],"wp:attachment":[{"href":"https:\/\/notinor.com\/jujuy\/wp-json\/wp\/v2\/media?parent=53485"}],"wp:term":[{"taxonomy":"category","embeddable":true,"href":"https:\/\/notinor.com\/jujuy\/wp-json\/wp\/v2\/categories?post=53485"},{"taxonomy":"post_tag","embeddable":true,"href":"https:\/\/notinor.com\/jujuy\/wp-json\/wp\/v2\/tags?post=53485"}],"curies":[{"name":"wp","href":"https:\/\/api.w.org\/{rel}","templated":true}]}}