{"id":51575,"date":"2015-11-14T00:23:39","date_gmt":"2015-11-14T03:23:39","guid":{"rendered":"http:\/\/notinor.com\/jujuy\/?p=51575"},"modified":"2015-11-13T22:02:45","modified_gmt":"2015-11-14T01:02:45","slug":"gabriela-michetti-lo-femenino-agrega-valor-a-nuestra-sociedad","status":"publish","type":"post","link":"https:\/\/notinor.com\/jujuy\/gabriela-michetti-lo-femenino-agrega-valor-a-nuestra-sociedad\/","title":{"rendered":"Gabriela Michetti: \"Lo femenino agrega valor a nuestra sociedad\""},"content":{"rendered":"<p>Luego de unas palabras a cargo de Gerardo morales y Ra\u00fal \"Chuli\" jorge, agradeciendo la presencia de la senadora y candidata a vicepresidenta Gabriela Michetti, ella se dirigi\u00f3 a la militancia femenina de Cambiemos de este modo:<\/p>\n<p>\"Nosotras podemos sumarnos con todos esos componentes caracter\u00edsticos de lo femenino, que a las mujeres nos nacen con m\u00e1s facilidad que a los varones. Lo femenino tambi\u00e9n les puede surgir a los varones, reci\u00e9n Chuli cuando fue afectivo, generoso en el abrazo, fue consciente de lo que es poner en juego lo femenino, lo afecto, lo sensible. Osea que un var\u00f3n tambi\u00e9n puede ponerlo en juego. Pero ojo. Hay mujeres que pueden ponerlo en juego y no lo ponen\", comenz\u00f3.<\/p>\n<p>\"Entonces, nosotras, conscientes de que lo femenino agrega valor a nuestra sociedad, por ejemplo con el di\u00e1logo m\u00e1s atento al otro, con la escucha m\u00e1s atenta y pudiendo ponerme en el lugar del otro, desde qu\u00e9 lugar me habla el otro, porqu\u00e9 a veces me habla m\u00e1s enojado, a veces me habla m\u00e1s nervioso, me habla m\u00e1s ansioso, y tratar de ser siempre m\u00e1s serenas en la escucha\", argument\u00f3.<\/p>\n<p>\"El largo plazo, los procesos, la facultad de entender que no todo se resuelve en la coyuntura, que hay cosas que tienen una mirada de horizonte, que a veces hay que hacer un camino m\u00e1s largo. Y que todo requiere de un trabajo, hoy una cosa, ma\u00f1ana la otra, traspasado la otra. Y eso es un entendimiento de lo femenino por las cuestiones de la maternidad, que justamente son de proceso\", explic\u00f3.<\/p>\n<p>\"Hay muchas cosas que las mujeres tenemos con mayor facilidad. Pong\u00e1molas en juego, porque si las ponemos en juego la sociedad se completa mejor. Se hace m\u00e1s sensible, se pone m\u00e1s pac\u00edfica. Se pone m\u00e1s amorosa. No nos olvidemos de eso\", afirm\u00f3.<\/p>\n<p>\"Pongamos en juego en esta nueva Argentina todas esas caracter\u00edsticas de lo femenino. Urguemos en eso, investiguemos un poco de qu\u00e9 se trata eso que tenemos adentro y a veces no lo ejercitamos. Y lo pongamos\u00a0en juego en esta provincia, en esta ciudad maravillosa que tienen para que los dirigentes pol\u00edticos se vean acompa\u00f1ados por esta maravillosa militancia femenina\", les pidi\u00f3 a las mujeres presentes.<\/p>\n<p>\"As\u00ed que vamos adelante, mujeres\", concluy\u00f3, mientras la concurrencia prorrump\u00eda en aplausos.<\/p>\n<p>Luego de lo cual se le entregaron presentes a la Senadora, y se les dio el micr\u00f3fono a representantes femeninas de diversos sectores: pueblos originarios, mujeres empresarias, madres de mujeres fallecidas por femicidio, de distintos asentamientos y de la actividad cultural, que hicieron ciertas demandas y pedidos de colaboraci\u00f3n entendiendo que la senadora ganar\u00e1, junto a Mauricio Macri, las pr\u00f3ximas elecciones del 22 de noviembre.<\/p>\n<p>Los pedidos fueron: m\u00e1s inclusi\u00f3n y derechos para los pueblos originarios, justicia para las v\u00edctimas de femicidio, m\u00e1s facilidades para las emprendedoras, m\u00e1s servicios para los asentamientos.<\/p>\n<figure id=\"attachment_51586\" aria-describedby=\"caption-attachment-51586\" style=\"width: 584px\" class=\"wp-caption aligncenter\"><a href=\"http:\/\/notinor.com\/jujuy\/wp-content\/uploads\/2015\/11\/DSCN7811.jpg\"><img decoding=\"async\" loading=\"lazy\" class=\"wp-image-51586\" src=\"http:\/\/notinor.com\/jujuy\/wp-content\/uploads\/2015\/11\/DSCN7811-1024x768.jpg\" alt=\"DSCN7811\" width=\"584\" height=\"438\" srcset=\"https:\/\/notinor.com\/jujuy\/wp-content\/uploads\/2015\/11\/DSCN7811-1024x768.jpg 1024w, https:\/\/notinor.com\/jujuy\/wp-content\/uploads\/2015\/11\/DSCN7811-300x225.jpg 300w, https:\/\/notinor.com\/jujuy\/wp-content\/uploads\/2015\/11\/DSCN7811-900x675.jpg 900w\" sizes=\"(max-width: 584px) 100vw, 584px\" \/><\/a><figcaption id=\"caption-attachment-51586\" class=\"wp-caption-text\">La concurrencia rebas\u00f3 las capacidades del anexo del Centro Cultural H\u00e9ctor Tiz\u00f3n<\/figcaption><\/figure>\n<p>&nbsp;<\/p>\n<figure id=\"attachment_51587\" aria-describedby=\"caption-attachment-51587\" style=\"width: 616px\" class=\"wp-caption aligncenter\"><a href=\"http:\/\/notinor.com\/jujuy\/wp-content\/uploads\/2015\/11\/DSCN7805.jpg\"><img decoding=\"async\" loading=\"lazy\" class=\" wp-image-51587\" src=\"http:\/\/notinor.com\/jujuy\/wp-content\/uploads\/2015\/11\/DSCN7805-1024x768.jpg\" alt=\"La Senadora recibi\u00f3 obsequios de los funcionarios\" width=\"616\" height=\"462\" srcset=\"https:\/\/notinor.com\/jujuy\/wp-content\/uploads\/2015\/11\/DSCN7805-1024x768.jpg 1024w, https:\/\/notinor.com\/jujuy\/wp-content\/uploads\/2015\/11\/DSCN7805-300x225.jpg 300w, https:\/\/notinor.com\/jujuy\/wp-content\/uploads\/2015\/11\/DSCN7805-900x675.jpg 900w\" sizes=\"(max-width: 616px) 100vw, 616px\" \/><\/a><figcaption id=\"caption-attachment-51587\" class=\"wp-caption-text\">La Senadora recibi\u00f3 obsequios de los funcionarios<\/figcaption><\/figure>\n<figure id=\"attachment_51588\" aria-describedby=\"caption-attachment-51588\" style=\"width: 1024px\" class=\"wp-caption aligncenter\"><a href=\"http:\/\/notinor.com\/jujuy\/wp-content\/uploads\/2015\/11\/DSCN7808.jpg\"><img decoding=\"async\" loading=\"lazy\" class=\"size-large wp-image-51588\" src=\"http:\/\/notinor.com\/jujuy\/wp-content\/uploads\/2015\/11\/DSCN7808-1024x768.jpg\" alt=\"Las representante de Pueblos Originarios les colocaron a los funcionario la Whipala\" width=\"1024\" height=\"768\" srcset=\"https:\/\/notinor.com\/jujuy\/wp-content\/uploads\/2015\/11\/DSCN7808-1024x768.jpg 1024w, https:\/\/notinor.com\/jujuy\/wp-content\/uploads\/2015\/11\/DSCN7808-300x225.jpg 300w, https:\/\/notinor.com\/jujuy\/wp-content\/uploads\/2015\/11\/DSCN7808-900x675.jpg 900w\" sizes=\"(max-width: 1024px) 100vw, 1024px\" \/><\/a><figcaption id=\"caption-attachment-51588\" class=\"wp-caption-text\">Las representante de Pueblos Originarios les colocaron a los funcionarios un prendedor de la Wiphala<\/figcaption><\/figure>\n","protected":false},"excerpt":{"rendered":"<p>Luego de unas palabras a cargo de Gerardo morales y Ra\u00fal \"Chuli\" jorge, agradeciendo la presencia de la senadora y candidata a vicepresidenta Gabriela Michetti, ella se dirigi\u00f3 a la militancia femenina de Cambiemos de este modo: \"Nosotras podemos sumarnos con todos esos componentes caracter\u00edsticos de lo femenino, que a las mujeres nos nacen con [&hellip;]<\/p>\n","protected":false},"author":1,"featured_media":51584,"comment_status":"open","ping_status":"open","sticky":false,"template":"","format":"standard","meta":{"_stopmodifiedupdate":false,"_modified_date":"","inline_featured_image":false},"categories":[493],"tags":[],"jetpack_featured_media_url":"https:\/\/notinor.com\/jujuy\/wp-content\/uploads\/2015\/11\/DSCN7787.jpg","_links":{"self":[{"href":"https:\/\/notinor.com\/jujuy\/wp-json\/wp\/v2\/posts\/51575"}],"collection":[{"href":"https:\/\/notinor.com\/jujuy\/wp-json\/wp\/v2\/posts"}],"about":[{"href":"https:\/\/notinor.com\/jujuy\/wp-json\/wp\/v2\/types\/post"}],"author":[{"embeddable":true,"href":"https:\/\/notinor.com\/jujuy\/wp-json\/wp\/v2\/users\/1"}],"replies":[{"embeddable":true,"href":"https:\/\/notinor.com\/jujuy\/wp-json\/wp\/v2\/comments?post=51575"}],"version-history":[{"count":1,"href":"https:\/\/notinor.com\/jujuy\/wp-json\/wp\/v2\/posts\/51575\/revisions"}],"predecessor-version":[{"id":51589,"href":"https:\/\/notinor.com\/jujuy\/wp-json\/wp\/v2\/posts\/51575\/revisions\/51589"}],"wp:featuredmedia":[{"embeddable":true,"href":"https:\/\/notinor.com\/jujuy\/wp-json\/wp\/v2\/media\/51584"}],"wp:attachment":[{"href":"https:\/\/notinor.com\/jujuy\/wp-json\/wp\/v2\/media?parent=51575"}],"wp:term":[{"taxonomy":"category","embeddable":true,"href":"https:\/\/notinor.com\/jujuy\/wp-json\/wp\/v2\/categories?post=51575"},{"taxonomy":"post_tag","embeddable":true,"href":"https:\/\/notinor.com\/jujuy\/wp-json\/wp\/v2\/tags?post=51575"}],"curies":[{"name":"wp","href":"https:\/\/api.w.org\/{rel}","templated":true}]}}