{"id":48170,"date":"2015-10-17T00:01:52","date_gmt":"2015-10-17T03:01:52","guid":{"rendered":"http:\/\/notinor.com\/jujuy\/?p=48170"},"modified":"2015-10-16T23:29:40","modified_gmt":"2015-10-17T02:29:40","slug":"el-titular-de-la-uia-estimo-que-la-economia-se-recuperara-recien-en-2017","status":"publish","type":"post","link":"https:\/\/notinor.com\/jujuy\/el-titular-de-la-uia-estimo-que-la-economia-se-recuperara-recien-en-2017\/","title":{"rendered":"El titular de la UIA estim\u00f3 que la econom\u00eda \"se recuperar\u00e1 reci\u00e9n en 2017\""},"content":{"rendered":"<p>&nbsp;<\/p>\n<p>Adri\u00e1n Kaufmann Brea habl\u00f3 sobre la recesi\u00f3n que golpea a la econom\u00eda brasile\u00f1a y advirti\u00f3 que el real se devalu\u00f3 70% respecto del peso argentino en el transcurso de 2015<\/p>\n<p>El titular de la Uni\u00f3n Industrial Argentina (UIA) se manifest\u00f3 muy preocupado por la situaci\u00f3n de Brasil por las \u00faltimas estimaciones de la actividad econ\u00f3mica que hizo el Banco Central de Brasil que registraron la tercera ca\u00edda consecutiva de la actividad econ\u00f3mica.<br \/>\n\"Nuestros economistas en Brasil nos dicen que hoy tenemos una devaluaci\u00f3n del m\u00e1s del 70% contra el peso en lo que va de este a\u00f1o y eso para nosotros es muy preocupante. Y si esa diferencia cambiaria aumenta para la industria argentina, es m\u00e1s competitivo por los salarios producir en Brasil que enfrenta la peor recesi\u00f3n de los \u00faltimos 25 a\u00f1os\", manifest\u00f3 el titular de la central fabril.<\/p>\n<p>El ejecutivo indic\u00f3 que \"no es lo mismo para el pr\u00f3ximo ministro de Econom\u00eda hacer una plan con un d\u00f3lar a 3 o a 5 reales en Brasil\". En el horizonte, remarc\u00f3 que el pa\u00eds tiene \"la carga impositiva m\u00e1s grande de la historia\" y que hay que solucionar el problema de carga fiscal, el financiamiento y falta de d\u00f3lares. \"Eso no se pude lograr en solo 100 d\u00edas\", acot\u00f3.<\/p>\n<p>\"Creo que reci\u00e9n en el 2017 la econom\u00eda argentina comenzar\u00e1 a recuperarse\", refiri\u00f3 Kaufmann, quien se mostr\u00f3 optimista por el impulso de un nuevo gobierno que siempre mejora las expectativas, como se ha visto en la encuesta de IDEA.<\/p>\n<p>\"Quien asuma el pr\u00f3ximo 10 de diciembre va a tener que aplicar una cantidad de medidas para modificar la pol\u00edtica econ\u00f3mica chata de estos \u00faltimos a\u00f1os, con una econom\u00eda que no crece desde hace cuatro a\u00f1os\", advirti\u00f3 el directivo del Grupo Arcor.<\/p>\n<p>Adem\u00e1s hizo hincapi\u00e9 en que \"un 80% de la producci\u00f3n de la industria argentina se dirige a Brasil, pero tambi\u00e9n Brasil nos exporta mas de un 70% de lo que produce, lo que provocar\u00e1 un deterioro del comercio exterior. Pero necesitamos fortalecer el Mercosur\".<\/p>\n<p>Kaufmann Brea manifest\u00f3 que \"la principal consecuencia de un tipo de cambio atrasado y una econom\u00eda brasile\u00f1a en ca\u00edda ser\u00e1 un nuevo debilitamiento de la demanda de manufacturas industriales, que tendr\u00e1 una especie de doble efecto sobre la utilizaci\u00f3n de la capacidad instalada, la generaci\u00f3n de d\u00f3lares comerciales y el nivel de empleo\".<\/p>\n<p>Con respecto a la coyuntura argentina, Kaufmann volvi\u00f3 a reiterar \"el pr\u00f3ximo gobierno va a tener que realizar los ajustes necesarios para volver a crecer y para seguir desarrollando el mercado interno\". Por ello, volvi\u00f3 a destacar la pesada carga tributaria, tanto nacional, provincial como municipal.<\/p>\n<p>El presidente de la UIA destac\u00f3 como factor positivo un mercado interno con consumo importante. \"El tema de las retenciones que afectan a los productos de las econom\u00edas regionales tambi\u00e9n constituye una preocupaci\u00f3n para la UIA y hemos pedido que se saquen todas esas retenciones que distorsionan el tipo de cambio. Es una de las 19 recomendaciones que le hacemos desde la UIA al pr\u00f3ximo presidente\".<\/p>\n","protected":false},"excerpt":{"rendered":"<p>&nbsp; Adri\u00e1n Kaufmann Brea habl\u00f3 sobre la recesi\u00f3n que golpea a la econom\u00eda brasile\u00f1a y advirti\u00f3 que el real se devalu\u00f3 70% respecto del peso argentino en el transcurso de 2015 El titular de la Uni\u00f3n Industrial Argentina (UIA) se manifest\u00f3 muy preocupado por la situaci\u00f3n de Brasil por las \u00faltimas estimaciones de la actividad [&hellip;]<\/p>\n","protected":false},"author":1,"featured_media":48171,"comment_status":"open","ping_status":"open","sticky":false,"template":"","format":"standard","meta":{"_stopmodifiedupdate":false,"_modified_date":"","inline_featured_image":false,"spay_email":"","jetpack_publicize_message":""},"categories":[5,501],"tags":[],"jetpack_featured_media_url":"https:\/\/notinor.com\/jujuy\/wp-content\/uploads\/2015\/10\/adrian-kaufman.jpg","jetpack_publicize_connections":[],"_links":{"self":[{"href":"https:\/\/notinor.com\/jujuy\/wp-json\/wp\/v2\/posts\/48170"}],"collection":[{"href":"https:\/\/notinor.com\/jujuy\/wp-json\/wp\/v2\/posts"}],"about":[{"href":"https:\/\/notinor.com\/jujuy\/wp-json\/wp\/v2\/types\/post"}],"author":[{"embeddable":true,"href":"https:\/\/notinor.com\/jujuy\/wp-json\/wp\/v2\/users\/1"}],"replies":[{"embeddable":true,"href":"https:\/\/notinor.com\/jujuy\/wp-json\/wp\/v2\/comments?post=48170"}],"version-history":[{"count":1,"href":"https:\/\/notinor.com\/jujuy\/wp-json\/wp\/v2\/posts\/48170\/revisions"}],"predecessor-version":[{"id":48172,"href":"https:\/\/notinor.com\/jujuy\/wp-json\/wp\/v2\/posts\/48170\/revisions\/48172"}],"wp:featuredmedia":[{"embeddable":true,"href":"https:\/\/notinor.com\/jujuy\/wp-json\/wp\/v2\/media\/48171"}],"wp:attachment":[{"href":"https:\/\/notinor.com\/jujuy\/wp-json\/wp\/v2\/media?parent=48170"}],"wp:term":[{"taxonomy":"category","embeddable":true,"href":"https:\/\/notinor.com\/jujuy\/wp-json\/wp\/v2\/categories?post=48170"},{"taxonomy":"post_tag","embeddable":true,"href":"https:\/\/notinor.com\/jujuy\/wp-json\/wp\/v2\/tags?post=48170"}],"curies":[{"name":"wp","href":"https:\/\/api.w.org\/{rel}","templated":true}]}}