{"id":48159,"date":"2015-10-17T00:01:14","date_gmt":"2015-10-17T03:01:14","guid":{"rendered":"http:\/\/notinor.com\/jujuy\/?p=48159"},"modified":"2015-10-16T23:20:52","modified_gmt":"2015-10-17T02:20:52","slug":"maxima-tension-palestinos-queman-una-tumba-sagrada-para-los-judios","status":"publish","type":"post","link":"https:\/\/notinor.com\/jujuy\/maxima-tension-palestinos-queman-una-tumba-sagrada-para-los-judios\/","title":{"rendered":"M\u00e1xima tensi\u00f3n: palestinos queman una tumba sagrada para los jud\u00edos"},"content":{"rendered":"<p>En el llamado \u201cViernes de ira\u201d contra Israel, palestinos incendiaron la tumba del patriarca Jos\u00e9, un lugar venerado y considerado santo por los jud\u00edos en Naplusa, en el norte de Cisjordania ocupada.<\/p>\n<p>En una escalada de violencia sin freno y en el llamado \u201cViernes de ira\u201d contra Israel, palestinos incendiaron hoy la tumba del patriarca Jos\u00e9, un lugar venerado y considerado santo por los jud\u00edos en Naplusa, en el norte de Cisjordania ocupada.<\/p>\n<p>Decenas de palestinos lanzaron c\u00f3cteles molotov contra la tumba de Jos\u00e9, lugar de peregrinaci\u00f3n para los jud\u00edos. Para \u00e9stos, ah\u00ed reposa Jos\u00e9, uno de los doce hijos de Jacob, vendido por sus hermanos y llevado a Egipto, desde donde su cuerpo fue tra\u00eddo de vuelta, seg\u00fan la tradici\u00f3n b\u00edblica.<\/p>\n<p>Este lugar, donde los palestinos afirman que se encuentra la tumba, ha sido ya escenario de enfrentamientos en el pasado, sobre todo durante la segunda Intifada (2000-2005).<\/p>\n<p>El incendio de la tumba puede avivar a\u00fan m\u00e1s el antagonismo entre ambas partes. Por su parte, el presidente de la Autoridad Palestina, Mahmud Abas, intent\u00f3 rebajar tensiones y calific\u00f3 poco depsu\u00e9s de \"acto irresponsable\" y \"gesto deplorable\" este incendio.<\/p>\n<p>En esta jornada, convocada en Cisjordania y en la Franja de Gaza, se prev\u00e9n manifestaciones de los palestinos ante las fuerzas israel\u00edes, el viernes por la tarde, tras la gran oraci\u00f3n semanal de los musulmanes.<\/p>\n<p>Tras dos semanas de violencia, que hace temer una nueva Intifada, las fuerzas israel\u00edes se preparan para hacer frente a nuevos disturbios. La polic\u00eda, masivamente presente, ha prohibido a los hombres de menos de 40 a\u00f1os el acceso a la muy sensible explanada de las Mezquitas, en Jerusal\u00e9n. Unos 300 soldados se sumaron a las fuerzas policiales. El objetivo del llamado al Ej\u00e9rcito es reducir la violencia pero tambi\u00e9n tranquilizar a la poblaci\u00f3n, muy nerviosa tras la oleada de ataques.<\/p>\n<p>Desde el asesinato el 1 de octubre de una pareja de colonos israel\u00edes, Cisjordania y Jerusal\u00e9n Este, parte palestina de Jerusal\u00e9n ocupada y anexionada por Israel, son escenario de disturbios entre lanzadores de piedras palestinos y soldados israel\u00edes, de agresiones entre palestinos y colonos, y de ataques con arma blanca contra israel\u00edes. Como saldo han dejado 32 muertos, muchos de ellos autores de atentados, entre los palestinos, y siete muertos y decenas de heridos del lado israel\u00ed.<\/p>\n<div class=\"jeg_video_container jeg_video_content\"><iframe loading=\"lazy\" width=\"500\" height=\"375\" src=\"https:\/\/www.youtube.com\/embed\/uWjpQCa1GoQ?feature=oembed\" frameborder=\"0\" allowfullscreen><\/iframe><\/div>\n","protected":false},"excerpt":{"rendered":"<p>En el llamado \u201cViernes de ira\u201d contra Israel, palestinos incendiaron la tumba del patriarca Jos\u00e9, un lugar venerado y considerado santo por los jud\u00edos en Naplusa, en el norte de Cisjordania ocupada. En una escalada de violencia sin freno y en el llamado \u201cViernes de ira\u201d contra Israel, palestinos incendiaron hoy la tumba del patriarca [&hellip;]<\/p>\n","protected":false},"author":1,"featured_media":48160,"comment_status":"open","ping_status":"open","sticky":false,"template":"","format":"standard","meta":{"_stopmodifiedupdate":false,"_modified_date":"","inline_featured_image":false,"spay_email":"","jetpack_publicize_message":""},"categories":[6],"tags":[],"jetpack_featured_media_url":"https:\/\/notinor.com\/jujuy\/wp-content\/uploads\/2015\/10\/tumba-de-jose.jpg","jetpack_publicize_connections":[],"_links":{"self":[{"href":"https:\/\/notinor.com\/jujuy\/wp-json\/wp\/v2\/posts\/48159"}],"collection":[{"href":"https:\/\/notinor.com\/jujuy\/wp-json\/wp\/v2\/posts"}],"about":[{"href":"https:\/\/notinor.com\/jujuy\/wp-json\/wp\/v2\/types\/post"}],"author":[{"embeddable":true,"href":"https:\/\/notinor.com\/jujuy\/wp-json\/wp\/v2\/users\/1"}],"replies":[{"embeddable":true,"href":"https:\/\/notinor.com\/jujuy\/wp-json\/wp\/v2\/comments?post=48159"}],"version-history":[{"count":1,"href":"https:\/\/notinor.com\/jujuy\/wp-json\/wp\/v2\/posts\/48159\/revisions"}],"predecessor-version":[{"id":48161,"href":"https:\/\/notinor.com\/jujuy\/wp-json\/wp\/v2\/posts\/48159\/revisions\/48161"}],"wp:featuredmedia":[{"embeddable":true,"href":"https:\/\/notinor.com\/jujuy\/wp-json\/wp\/v2\/media\/48160"}],"wp:attachment":[{"href":"https:\/\/notinor.com\/jujuy\/wp-json\/wp\/v2\/media?parent=48159"}],"wp:term":[{"taxonomy":"category","embeddable":true,"href":"https:\/\/notinor.com\/jujuy\/wp-json\/wp\/v2\/categories?post=48159"},{"taxonomy":"post_tag","embeddable":true,"href":"https:\/\/notinor.com\/jujuy\/wp-json\/wp\/v2\/tags?post=48159"}],"curies":[{"name":"wp","href":"https:\/\/api.w.org\/{rel}","templated":true}]}}