{"id":47857,"date":"2015-10-14T13:26:55","date_gmt":"2015-10-14T16:26:55","guid":{"rendered":"http:\/\/notinor.com\/jujuy\/?p=47857"},"modified":"2015-10-14T13:26:55","modified_gmt":"2015-10-14T16:26:55","slug":"para-piqui-bernis-la-agresion-que-sufrio-cuellar-fue-una-logica-reaccion","status":"publish","type":"post","link":"https:\/\/notinor.com\/jujuy\/para-piqui-bernis-la-agresion-que-sufrio-cuellar-fue-una-logica-reaccion\/","title":{"rendered":"Para Piqui Bernis, la agresi\u00f3n que sufri\u00f3 Cuellar fue una l\u00f3gica reacci\u00f3n"},"content":{"rendered":"<p>El presidente de bloque de diputados radicales Alberto Bernis desminti\u00f3 que militantes del Frente Cambia Jujuy hayan iniciado los incidentes producidos en El Piquete, \"el agredido fue Gerardo Morales, a quien un militante del Frente Para la Victoria arroj\u00f3 huevos e insult\u00f3 cuando iniciaba su discurso\", se\u00f1al\u00f3 el legislador.<\/p>\n<p>En el mismo sentido Bernis deslig\u00f3 al diputado Jorge Rizzotti de las imputaciones hechas por legisladores del oficialismo, quienes en conferencia de prensa lo hab\u00edan acusado de ejercer violencia en contra de militantes del FPV. Aclar\u00f3 el diputado Bernis que hubo una l\u00f3gica reacci\u00f3n de parte de militantes de Cambia Jujuy ante la agresi\u00f3n al candidato a gobernador, pero que de los incidentes no particip\u00f3 el diputado Jorge Rizzotti.<\/p>\n<p>El jefe de la bancada radical denuncio adem\u00e1s, que a medida que se acerca el 25 de octubre, se acent\u00faa el \"nerviosismo\" del oficialismo y queda al descubierto \"lo que desde el Frente Cambia Jujuy ven\u00edamos alertando en toda la campa\u00f1a, que el clima de violencia iba a ir creciendo\".<\/p>\n<p>\"Somos una coalici\u00f3n de partidos cuya fortaleza radica en el mensaje paz y uni\u00f3n entre los juje\u00f1os\" indic\u00f3 Bernis a lo cual agreg\u00f3 que ning\u00fan integrante del Frente Cambia Jujuy \"vamos a entrar en provocaci\u00f3n alguna, menos de sectores como el que lidera Mirna Abreg\u00fa, que hasta aqu\u00ed ha manejado El Piquete a su antojo, como si fuera un feudo, con patotas y autoritarismo\" a\u00f1adi\u00f3.<\/p>\n","protected":false},"excerpt":{"rendered":"<p>El presidente de bloque de diputados radicales Alberto Bernis desminti\u00f3 que militantes del Frente Cambia Jujuy hayan iniciado los incidentes producidos en El Piquete, \"el agredido fue Gerardo Morales, a quien un militante del Frente Para la Victoria arroj\u00f3 huevos e insult\u00f3 cuando iniciaba su discurso\", se\u00f1al\u00f3 el legislador. En el mismo sentido Bernis deslig\u00f3 [&hellip;]<\/p>\n","protected":false},"author":1,"featured_media":47858,"comment_status":"open","ping_status":"open","sticky":false,"template":"","format":"standard","meta":{"_stopmodifiedupdate":false,"_modified_date":"","inline_featured_image":false,"spay_email":"","jetpack_publicize_message":""},"categories":[485,501],"tags":[],"jetpack_featured_media_url":"https:\/\/notinor.com\/jujuy\/wp-content\/uploads\/2015\/10\/militante-agredido.jpg","jetpack_publicize_connections":[],"_links":{"self":[{"href":"https:\/\/notinor.com\/jujuy\/wp-json\/wp\/v2\/posts\/47857"}],"collection":[{"href":"https:\/\/notinor.com\/jujuy\/wp-json\/wp\/v2\/posts"}],"about":[{"href":"https:\/\/notinor.com\/jujuy\/wp-json\/wp\/v2\/types\/post"}],"author":[{"embeddable":true,"href":"https:\/\/notinor.com\/jujuy\/wp-json\/wp\/v2\/users\/1"}],"replies":[{"embeddable":true,"href":"https:\/\/notinor.com\/jujuy\/wp-json\/wp\/v2\/comments?post=47857"}],"version-history":[{"count":1,"href":"https:\/\/notinor.com\/jujuy\/wp-json\/wp\/v2\/posts\/47857\/revisions"}],"predecessor-version":[{"id":47859,"href":"https:\/\/notinor.com\/jujuy\/wp-json\/wp\/v2\/posts\/47857\/revisions\/47859"}],"wp:featuredmedia":[{"embeddable":true,"href":"https:\/\/notinor.com\/jujuy\/wp-json\/wp\/v2\/media\/47858"}],"wp:attachment":[{"href":"https:\/\/notinor.com\/jujuy\/wp-json\/wp\/v2\/media?parent=47857"}],"wp:term":[{"taxonomy":"category","embeddable":true,"href":"https:\/\/notinor.com\/jujuy\/wp-json\/wp\/v2\/categories?post=47857"},{"taxonomy":"post_tag","embeddable":true,"href":"https:\/\/notinor.com\/jujuy\/wp-json\/wp\/v2\/tags?post=47857"}],"curies":[{"name":"wp","href":"https:\/\/api.w.org\/{rel}","templated":true}]}}