{"id":47654,"date":"2015-10-13T00:03:30","date_gmt":"2015-10-13T03:03:30","guid":{"rendered":"http:\/\/notinor.com\/jujuy\/?p=47654"},"modified":"2015-10-12T23:11:38","modified_gmt":"2015-10-13T02:11:38","slug":"personas-buscadas-139","status":"publish","type":"post","link":"https:\/\/notinor.com\/jujuy\/personas-buscadas-139\/","title":{"rendered":"PERSONAS BUSCADAS"},"content":{"rendered":"<p>MATIAS LEONARDO CRUZde 17 a\u00f1os con domicilio en el barrio T\u00fapac Amaru, se ausenta de su hogar desde 10 de octubre del corriente a\u00f1o.<\/p>\n<p>El menor es de contextura f\u00edsica delgada, de 1.70 mts. aproximadamente, cabellos cortos de color negro, tez trigue\u00f1a; vest\u00eda una campero inflamable hasta la cintura color negra, un pantal\u00f3n jeans color azul y calzaba zapatillas negra con roja.<\/p>\n<p>DANA SELENE FRIAS, de 18 a\u00f1os con domicilio en las 47 hect\u00e1reas de alto comedero, se ausente el 09 de octubre del corriente a\u00f1o.<br \/>\nLa protagonista es de contextura f\u00edsica delgada, estatura de 1.60 mts., cabellos largo de color negro ondulado hasta la cintura; se desconoce como vest\u00eda al momento de ausentarse.<\/p>\n<p>DELINA MAGALI MAMANI, de 17 a\u00f1os con domicilio en las 30 hect\u00e1reas de alto comdero , se ausenta de su hogar desde el 09 de octubre del corriente a\u00f1o.<br \/>\nla adolescente es de contextura robusta, de una altuar de 1.70 mts., cabellos largos y lacios de color negro; se desconoce como vestia al momento de ausentarse.<br \/>\nPor este motivo se solicita a la comunidad en general que pueda brindar datos referentes al paradero de los protagonistas lo comunique a la seccional m\u00e1s pr\u00f3xima a su domicilio o bien al tel\u00e9fono gratuito de emergencias policiales (911).<\/p>\n","protected":false},"excerpt":{"rendered":"<p>MATIAS LEONARDO CRUZde 17 a\u00f1os con domicilio en el barrio T\u00fapac Amaru, se ausenta de su hogar desde 10 de octubre del corriente a\u00f1o. El menor es de contextura f\u00edsica delgada, de 1.70 mts. aproximadamente, cabellos cortos de color negro, tez trigue\u00f1a; vest\u00eda una campero inflamable hasta la cintura color negra, un pantal\u00f3n jeans color [&hellip;]<\/p>\n","protected":false},"author":1,"featured_media":42904,"comment_status":"open","ping_status":"open","sticky":false,"template":"","format":"standard","meta":{"_stopmodifiedupdate":false,"_modified_date":"","inline_featured_image":false},"categories":[3],"tags":[],"jetpack_featured_media_url":"https:\/\/notinor.com\/jujuy\/wp-content\/uploads\/2015\/09\/se-busca.jpg","_links":{"self":[{"href":"https:\/\/notinor.com\/jujuy\/wp-json\/wp\/v2\/posts\/47654"}],"collection":[{"href":"https:\/\/notinor.com\/jujuy\/wp-json\/wp\/v2\/posts"}],"about":[{"href":"https:\/\/notinor.com\/jujuy\/wp-json\/wp\/v2\/types\/post"}],"author":[{"embeddable":true,"href":"https:\/\/notinor.com\/jujuy\/wp-json\/wp\/v2\/users\/1"}],"replies":[{"embeddable":true,"href":"https:\/\/notinor.com\/jujuy\/wp-json\/wp\/v2\/comments?post=47654"}],"version-history":[{"count":1,"href":"https:\/\/notinor.com\/jujuy\/wp-json\/wp\/v2\/posts\/47654\/revisions"}],"predecessor-version":[{"id":47655,"href":"https:\/\/notinor.com\/jujuy\/wp-json\/wp\/v2\/posts\/47654\/revisions\/47655"}],"wp:featuredmedia":[{"embeddable":true,"href":"https:\/\/notinor.com\/jujuy\/wp-json\/wp\/v2\/media\/42904"}],"wp:attachment":[{"href":"https:\/\/notinor.com\/jujuy\/wp-json\/wp\/v2\/media?parent=47654"}],"wp:term":[{"taxonomy":"category","embeddable":true,"href":"https:\/\/notinor.com\/jujuy\/wp-json\/wp\/v2\/categories?post=47654"},{"taxonomy":"post_tag","embeddable":true,"href":"https:\/\/notinor.com\/jujuy\/wp-json\/wp\/v2\/tags?post=47654"}],"curies":[{"name":"wp","href":"https:\/\/api.w.org\/{rel}","templated":true}]}}