{"id":45016,"date":"2015-09-22T00:30:23","date_gmt":"2015-09-22T03:30:23","guid":{"rendered":"http:\/\/notinor.com\/jujuy\/?p=45016"},"modified":"2015-09-22T20:52:14","modified_gmt":"2015-09-22T23:52:14","slug":"si-sos-oficialista-y-perdes-una-eleccion-o-hiciste-todo-mal-o-sos-un-boludo","status":"publish","type":"post","link":"https:\/\/notinor.com\/jujuy\/si-sos-oficialista-y-perdes-una-eleccion-o-hiciste-todo-mal-o-sos-un-boludo\/","title":{"rendered":"\"Si sos oficialista y perd\u00e9s una elecci\u00f3n, o hiciste todo mal o sos un boludo\""},"content":{"rendered":"<p>Por Dolores Castro Olivera \/\/ En conversaciones con NOTINOR, el candidato a Gobernador de la Lista 72 de Unidad Popular, Juan Pablo Alba, explic\u00f3 las propuestas del frente que integra como militante del PTP (Partido de los Trabajadores del Pueblo). Adem\u00e1s opin\u00f3 sobre los sucesos electorales de los \u00faltimos tiempos y las denuncias de fraude, el supuesto Cambio que asegura llevar\u00e1 adelante la oposici\u00f3n radical y del pro, y el sector, tanto generacional como social al que representa.<\/p>\n<p><strong>\u00bfCu\u00e1l es el frente que conformaron?<\/strong><\/p>\n<p>En realidad vamos como U.P. Es la Lista 206, es muy complicada toda la construcci\u00f3n. U.P. m\u00e1s PTP conforman de hecho un Frente Popular, que a nivel nacional funciona, pero como a nivel local no tenemos personer\u00eda jur\u00edca en el P.T.P., no lo podemos registrar de ese modo.<\/p>\n<p>As\u00ed que decidimos figurar directamente como U.P., Lista 206.<\/p>\n<p>U.P. es un partido, el que arm\u00f3 V\u00edctor De Gennaro a nivel nacional. Ac\u00e1 en Jujuy el presidente de U.P. es C\u00e9sar Acosta que va como candidato a vicegobernador. Obviamente en la lista hay gente de U.P., y del P.T.P.<\/p>\n<p><b>\u00bfQu\u00e9 opinan de las acusaciones de fraude y del proceso de campa\u00f1as de este 2015?<\/b><\/p>\n<p>Nosotros ya lo ve\u00edamos venir. Desde el comienzo del a\u00f1o, el tratamiento y la utilizaci\u00f3n para uno y otro lado de la muerte de Nisman, todas las perspectivas que se abrieron a partir de ese momento iban delineando como un a\u00f1o complejo el 2015, principalmente porque se est\u00e1 jugando la continuidad o no de un cierto proyecto pol\u00edtico que tiene por detr\u00e1s a un grupo econ\u00f3mico-pol\u00edtico diferente de lo que se ha dado en la historia argentina.<\/p>\n<p>Obviamente los distintos imperialismos que se disputan el control de los principales resortes econ\u00f3micos y pol\u00edticos se est\u00e1n disputando a fuego ese poder. Y lo de Nisman fue el puntapi\u00e9 inicial de ese proceso.<\/p>\n<p>Y hubo de todo. Hubo muertos, hubo intentos de quilombo por un lado y por el otro, carpetazos, carpetas que van y vienen. Se sacan a relucir todo lo que pueden y puede haber m\u00e1s en estos meses. Se va viendo c\u00f3mo hacen renunciar a un candidato de un lado, suspendemos una elecci\u00f3n del otro, aprovechan todo el aparato que tienen para lograr imponer un candidato.<\/p>\n<p>Con esa l\u00f3gica que tienen se inscriben en un proceso mundial, donde se observa un cambio de hegemon\u00eda con el relativo retroceso de Estados Unidos en sus avances econ\u00f3micos, y el gran avance de China como nuevo actor econ\u00f3mico pol\u00edtico. ese eje de cambio de la econom\u00eda y los actores, tiene su correspondencia en los distintos pa\u00edses que normalmente han sido centros de disputa para estos centros del poder.<\/p>\n<p><strong>Del fraude en particular, \u00bfqu\u00e9 opinan como fuerza pol\u00edtica?<\/strong><\/p>\n<p>Para nosotros el sistema en s\u00ed es fraudulento y manipulable, lo fue siempre. Y esto uno lo siente m\u00e1s a flor de piel cuando entra en la contienda pol\u00edtica, cuando presencia c\u00f3mo se mueve y c\u00f3mo funciona el aparato electoral.<\/p>\n<p>Obviamente, como dec\u00eda el Gral. Per\u00f3n si sos oficialista \u00a0y perd\u00e9s una elecci\u00f3n o hiciste\u00a0todo mal o sos un boludo. Un oficialista no puede ir a perder una elecci\u00f3n.<\/p>\n<p>En Tucum\u00e1n fue demasiado obvio, qued\u00f3 muy evidenciado c\u00f3mo se manipulan ese tipo de cosas. Yo no tengo recuerdo de que en Argentina se haya estado tan cerca de anular un proceso electoral y bueno, a\u00fan se contin\u00faan las instancias judiciales de esto.<\/p>\n<p>Pero es un golpe fuerte, tanto para la democracia institucional que intentaron revalidar desde 1983 en adelante como el sistema de disputa del poder en Argentina y, al mismo tiempo, que desnuda la fuerza de las disputas en las que se juegan el control de nuestro pa\u00eds.<\/p>\n<p>Van a utilizar todas las herramientas que puedan. Hay una ficci\u00f3n instalada de que la \"justicia deber\u00eda ser independiente\" pero no existe la independencia de poderes. El estado y el grupo socio-econ\u00f3mico que se garantiza el control tambi\u00e9n tiene influencias y disputas en cada uno de esos terrenos est\u00e1n cruzados en todos los terrenos.<\/p>\n<p>No se puede separar ni analizar fragmentando esos elementos, porque no responder\u00eda a lo que la realidad te muestra.<\/p>\n<p><strong>\u00bfY c\u00f3mo creen que ser\u00e1n, en este contexto, las pr\u00f3ximas elecciones en Jujuy?<\/strong><\/p>\n<p>Creemos que las pr\u00f3ximas elecciones en nuestra provincia demostrar\u00e1n c\u00f3mo es y ha sido la construcci\u00f3n del poder en los \u00faltimos treinta a\u00f1os. Hay dos fuerzas muy fuertes que han trabajado en disputa y juntas en la construcci\u00f3n del Jujuy que tenemos. Osea, se disputan por un lado, y se acomodan y reparten por otro, los repartos de jueces, de funcionarios, si ves la miner\u00eda, por ejemplo, hay un personaje puesto por Morales, uno puesto por Fellner a veces en correspondencia con su relaci\u00f3n de fuerzas, a veces no.<\/p>\n<p>Pero han venido trabajando juntos y no tiene nada de nuevo por ejemplo el frente Cambiemos, osea Morales es el ministro del hambre de de la R\u00faa, es un tipo actual en la pol\u00edtica que ha hecho junto con Fellner este Jujuy que tenemos.<\/p>\n<p>Carlos Haquim no puede tener nada de nuevo, si ten\u00e9s un poco de memoria de d\u00f3nde viene, qu\u00e9 historia pol\u00edtica tiene. no pueden ser un cambio de nada.<\/p>\n<p>Y mucho menos Fellner que es lo que tenemos. en ese contexto entendemos que es necesario plantear una opci\u00f3n nueva, diferente. nuestra fuerza tiene el %65 de candidatos menores de 35 a\u00f1os. Tenemos otra forma de entender la pol\u00edtica nosotros queremos ser la expresi\u00f3n en el sistema electoral de lo que se viene luchando en las calles, \u00a0un funcionario pol\u00edtico no puede, al momento de llegar a las paritarias, negociar lo menos posible del aumento, al contrario; deber\u00eda ser el primero en encarar la necesidad de levantar el aumento salarial de los trabajadores. Y esa es nuestra propuesta.<\/p>\n<p>No un Gobernador que logre el mejor ajuste salarial entendido en los t\u00e9rminos del que menos aument\u00f3, si no al rev\u00e9s, el que logre abrir las puertas para que entre el pueblo a la casa de Gobierno y ver c\u00f3mo se resuelve para que el salario m\u00ednimo sea igual a la canasta b\u00e1sica. Eso deber\u00eda ser un principio para alguien que gobierna.<\/p>\n<p>Nuestra idea es esa, que se exprese lo que se est\u00e1 luchando en la contienda electoral. <em><strong>Somos muchos j\u00f3venes que venimos de quedar af\u00f3nicos de gritar que se vayan todos<\/strong><\/em>, y despu\u00e9s vemos que est\u00e1n ah\u00ed los mismos que dijimos que se vayan. Entonces esta vez dijimos, bueno, ahora vamos nosotros.<\/p>\n<p>Y as\u00ed nos planteamos como una opci\u00f3n de ac\u00e1 a futuro. Para protagonizar las pr\u00f3ximas d\u00e9cadas de la pol\u00edtica, en las provincias y en el pa\u00eds.<\/p>\n<p>No somos una juventud que viene a cantar que somos soldados de nadie. no venimos a seguir fielmente ni ciegamente ning\u00fan proyecto, si no venimos a ser actores, a protagonizar la pol\u00edtica, a debatir, a cuestionar y a profundizar los procesos de lucha que se vienen dando; logrando que se expresen tambi\u00e9n en el \u00e1mbito parlamentario.<\/p>\n<p><strong>Tu candidatura podr\u00eda ser caratulada como hist\u00f3rica dado que adem\u00e1s de que segu\u00eds siendo estudiante (pese a tener ya una titulaci\u00f3n) sos muy joven...<\/strong><\/p>\n<p>Mi candidatura es hist\u00f3rica s\u00ed. Soy docente y estudiante; uno de los compa\u00f1eros dice no tener memoria de un candidato tan joven en la historia de Jujuy, por lo menos para el cargo de Gobernador, seguro.<\/p>\n<p>Y es m\u00e1s que simb\u00f3lico, es algo que nosotros entendemos como el cambio necesario que se viene, no s\u00f3lo generacional sino de proyecto. Somos j\u00f3venes pero tenemos como gu\u00eda la experiencia de grandes luchadores de toda la vida, que protagonizaron y protagonizan momentos de lucha. Y ellos son el faro y la luz de la experiencia que nos marca una forma de hacer pol\u00edtica y agregamos la energ\u00eda, las ganas, la rebeld\u00eda; y todo lo que tenemos para seguir dando a futuro los j\u00f3venes que seguiremos construyendo este Frente.<\/p>\n<p><strong>Hay un avance en la izquierda en el sentido de que se observan candidaturas que hist\u00f3ricamente eran impensables o por lo menos novedosas en la historia de Jujuy...<\/strong><\/p>\n<p>Eso marca lo que dec\u00eda, esa necesidad que planteamos nosotros de un modo nuevo en la pol\u00edtica y hay cinco o seis expresiones de candidaturas nuevas, de sectores hist\u00f3ricamente relegados, el pluricultural, el compa\u00f1ero del F.I.T., del M.S.T., nosotros, etc\u00e9tera, no ten\u00edamos presencia medi\u00e1tica, presencia en lo parlamentario. Principalmente los que ven\u00edamos de la experiencia del que se vayan todos, del voto blanco, del voto nulo; \u00a0que logramos voltear gobernadores, que algunos se vayan, pero volv\u00edan y se reciclaban y no logr\u00e1bamos instalar a uno de nosotros ah\u00ed.<\/p>\n<p><strong>Y en ese sentido \u00bfno se les genera una contradicci\u00f3n al decidir competir por esos cargos?<\/strong><\/p>\n<p>Entonces vimos que se hac\u00eda necesario encarar una construcci\u00f3n pol\u00edtica distinta, hicimos una autocr\u00edtica, analizamos el proceso, separamos una cuesti\u00f3n t\u00e1ctica, que puede ser voto nulo, de una cuesti\u00f3n estrat\u00e9gica que es el \"no me presento\"; y lo que nos cost\u00f3 a nosotros mismos decir \"bueno, me tengo que presentar\".<\/p>\n<p>Osea, crec\u00ed puteando a los pol\u00edticos y ahora me tengo que ofrecer como una opci\u00f3n pol\u00edtica. Y entender que el problema no es en s\u00ed lo pol\u00edtico sino algunos pol\u00edticos y para qui\u00e9nes hacen pol\u00edtica.<\/p>\n<p>Lograr ese cambio lleva una discusi\u00f3n dentro de lo social. \u00a0Y eso se ha expresado en la cantidad de opciones nuevas y en la recepci\u00f3n que tienen esas propuestas, las de quienes nos paramos desde otro lado, representando a otros sectores.<\/p>\n<p>Para m\u00ed eso es muy bueno. Lo que tenemos como desaf\u00edo ahora es lograr que eso tambi\u00e9n se exprese unido, como logran hacer que se exprese unido lo de arriba cuando las papas les queman. Si vemos Cambiemos, la cantidad de partidos que confluyeron para poder lograr esa posici\u00f3n pol\u00edtica. Lo mismo con el kirchnerismo. los de arriba se unen y los de abajo siempre llegamos un poco m\u00e1s tarde y divididos. Pero \u00a0hay que lograr que aquello que ya est\u00e1 unido en la lucha porque con esos compa\u00f1eros formamos parte de una lucha, m\u00e1s all\u00e1 de las diferencias y somos parte de un proceso.<\/p>\n<p>Tenemos que ver que eso tambi\u00e9n se exprese de la misma manera en lo electoral, y que las elecciones no dividan lo que la lucha une.<\/p>\n<p>&nbsp;<\/p>\n<p>&nbsp;<\/p>\n<p>&nbsp;<\/p>\n","protected":false},"excerpt":{"rendered":"<p>Por Dolores Castro Olivera \/\/ En conversaciones con NOTINOR, el candidato a Gobernador de la Lista 72 de Unidad Popular, Juan Pablo Alba, explic\u00f3 las propuestas del frente que integra como militante del PTP (Partido de los Trabajadores del Pueblo). Adem\u00e1s opin\u00f3 sobre los sucesos electorales de los \u00faltimos tiempos y las denuncias de fraude, [&hellip;]<\/p>\n","protected":false},"author":1,"featured_media":45026,"comment_status":"open","ping_status":"open","sticky":false,"template":"","format":"standard","meta":{"_stopmodifiedupdate":false,"_modified_date":"","inline_featured_image":false},"categories":[493],"tags":[],"jetpack_featured_media_url":"https:\/\/notinor.com\/jujuy\/wp-content\/uploads\/2015\/09\/12020469_882427638502518_350434310_o.jpg","_links":{"self":[{"href":"https:\/\/notinor.com\/jujuy\/wp-json\/wp\/v2\/posts\/45016"}],"collection":[{"href":"https:\/\/notinor.com\/jujuy\/wp-json\/wp\/v2\/posts"}],"about":[{"href":"https:\/\/notinor.com\/jujuy\/wp-json\/wp\/v2\/types\/post"}],"author":[{"embeddable":true,"href":"https:\/\/notinor.com\/jujuy\/wp-json\/wp\/v2\/users\/1"}],"replies":[{"embeddable":true,"href":"https:\/\/notinor.com\/jujuy\/wp-json\/wp\/v2\/comments?post=45016"}],"version-history":[{"count":6,"href":"https:\/\/notinor.com\/jujuy\/wp-json\/wp\/v2\/posts\/45016\/revisions"}],"predecessor-version":[{"id":45162,"href":"https:\/\/notinor.com\/jujuy\/wp-json\/wp\/v2\/posts\/45016\/revisions\/45162"}],"wp:featuredmedia":[{"embeddable":true,"href":"https:\/\/notinor.com\/jujuy\/wp-json\/wp\/v2\/media\/45026"}],"wp:attachment":[{"href":"https:\/\/notinor.com\/jujuy\/wp-json\/wp\/v2\/media?parent=45016"}],"wp:term":[{"taxonomy":"category","embeddable":true,"href":"https:\/\/notinor.com\/jujuy\/wp-json\/wp\/v2\/categories?post=45016"},{"taxonomy":"post_tag","embeddable":true,"href":"https:\/\/notinor.com\/jujuy\/wp-json\/wp\/v2\/tags?post=45016"}],"curies":[{"name":"wp","href":"https:\/\/api.w.org\/{rel}","templated":true}]}}