{"id":447014,"date":"2026-09-05T23:40:00","date_gmt":"2026-09-06T02:40:00","guid":{"rendered":"https:\/\/notinor.com\/jujuy\/?p=447014"},"modified":"2026-09-05T23:40:00","modified_gmt":"2026-09-05T23:40:00","slug":"el-intendente-chuli-jorge-inauguro-la-primera-cancha-municipal-de-hockey-de-san-salvador-de-jujuy","status":"publish","type":"post","link":"https:\/\/notinor.com\/jujuy\/el-intendente-chuli-jorge-inauguro-la-primera-cancha-municipal-de-hockey-de-san-salvador-de-jujuy\/","title":{"rendered":"El intendente \u201cChuli\u201d Jorge inaugur\u00f3 la primera cancha municipal de hockey de San Salvador de Jujuy"},"content":{"rendered":"\n<p class=\"has-medium-font-size\"><strong><em>El intendente de San Salvador de Jujuy, Ra\u00fal \u201cChuli\u201d Jorge, acompa\u00f1ado por el gobernador de la Provincia, Carlos Sadir, dej\u00f3 inaugurado en el barrio Alberdi el estadio social de hockey \u201cReconquista de Jujuy\u201d, la primera cancha municipal de esta disciplina en la ciudad.<\/em><\/strong><\/p>\n\n\n\n<p><\/p>\n\n\n<div class=\"wp-block-image\">\n<figure class=\"aligncenter size-full\"><img decoding=\"async\" loading=\"lazy\" width=\"800\" height=\"450\" src=\"https:\/\/notinor.com\/jujuy\/wp-content\/uploads\/2026\/09\/inauguracion-cancha-Hockey.jpg\" alt=\"\" class=\"wp-image-447015\" srcset=\"https:\/\/notinor.com\/jujuy\/wp-content\/uploads\/2026\/09\/inauguracion-cancha-Hockey.jpg 800w, https:\/\/notinor.com\/jujuy\/wp-content\/uploads\/2026\/09\/inauguracion-cancha-Hockey-649x365.jpg 649w, https:\/\/notinor.com\/jujuy\/wp-content\/uploads\/2026\/09\/inauguracion-cancha-Hockey-500x280.jpg 500w, https:\/\/notinor.com\/jujuy\/wp-content\/uploads\/2026\/09\/inauguracion-cancha-Hockey-768x432.jpg 768w, https:\/\/notinor.com\/jujuy\/wp-content\/uploads\/2026\/09\/inauguracion-cancha-Hockey-750x422.jpg 750w\" sizes=\"(max-width: 800px) 100vw, 800px\" \/><\/figure><\/div>\n\n\n<p><\/p>\n\n\n\n<p>El nuevo espacio cuenta con una cancha de c\u00e9sped sint\u00e9tico de \u00faltima generaci\u00f3n y forma parte de una intervenci\u00f3n integral que puso en valor el Parque Alberdi, fortaleciendo la infraestructura deportiva, recreativa y comunitaria del sector.<\/p>\n\n\n\n<p>La jornada inaugural reuni\u00f3 a autoridades provinciales y municipales, representantes de clubes, jugadoras, familias y vecinos, en una celebraci\u00f3n que marc\u00f3 la incorporaci\u00f3n de un nuevo espacio destinado al crecimiento y desarrollo del hockey en San Salvador de Jujuy.<\/p>\n\n\n\n<p>Durante el acto, el intendente Ra\u00fal \u201cChuli\u201d Jorge agradeci\u00f3 especialmente a los equipos t\u00e9cnicos, trabajadores y empresas que participaron en la ejecuci\u00f3n del proyecto, destacando el compromiso puesto en una obra que permitir\u00e1 contar con una infraestructura deportiva de primer nivel. En este sentido, remarc\u00f3 que la concreci\u00f3n del estadio \u201cresponde a un pedido sostenido de las jugadoras y clubes de hockey de la ciudad, quienes durante a\u00f1os plantearon la necesidad de disponer de un espacio con las condiciones adecuadas para la pr\u00e1ctica y el desarrollo de la disciplina\u201d.<\/p>\n\n\n\n<p>En ese marco, record\u00f3 especialmente su v\u00ednculo con la jugadora salte\u00f1a y campeona mundial integrante de Las Leonas, Valentina Raposo, a quien propuso formalmente como madrina del nuevo estadio.<\/p>\n\n\n\n<p>Antes del partido inaugural, el jefe comunal destac\u00f3 el car\u00e1cter social e integrador de la obra y anunci\u00f3 que el Municipio comenzar\u00e1 a trabajar en la conformaci\u00f3n de un Club Municipal de Hockey. \u201cEsto es un estadio social que patentiza la voluntad de contener a los clubes de Hockey, y tambi\u00e9n quiero anunciar que vamos a empezar a trabajar con un Club Municipal\u201d, se\u00f1al\u00f3.<\/p>\n\n\n\n<p>Jorge tambi\u00e9n puso en valor al deporte como una herramienta de promoci\u00f3n de la salud, integraci\u00f3n y fortalecimiento de los v\u00ednculos comunitarios. En este sentido, sostuvo que las actividades deportivas \u201cpermiten generar espacios de encuentro y contenci\u00f3n para ni\u00f1os y j\u00f3venes frente a los desaf\u00edos de la sociedad actual\u201d, y destac\u00f3 la pol\u00edtica municipal orientada a descentralizar la infraestructura p\u00fablica mediante la construcci\u00f3n de Multiespacios, polideportivos y otros espacios comunitarios en distintos barrios de la ciudad.<\/p>\n\n\n\n<p>El intendente resalt\u00f3 adem\u00e1s el impacto que la intervenci\u00f3n tendr\u00e1 en la fisonom\u00eda urbana del barrio Alberdi, uno de los sectores hist\u00f3ricamente postergados de la ciudad. \u201cVa a significar un alt\u00edsimo impacto positivo para todo este sector de Alberdi, uno de los m\u00e1s postergados, donde ya estamos viendo cambios positivos para todo el entorno y las familias que viven por estos sectores\u201d, afirm\u00f3.<\/p>\n\n\n\n<p>La obra no se limit\u00f3 a la construcci\u00f3n del estadio de hockey, sino que comprendi\u00f3 una puesta en valor integral del Parque Alberdi, con la reconstrucci\u00f3n de la cancha de f\u00fatbol 11 y la recuperaci\u00f3n de las canchas de f\u00fatbol 7 y f\u00fatbol 5. Tambi\u00e9n se intervino el play\u00f3n polideportivo doble, que cuenta con dos canchas de b\u00e1squet, se reubicaron y ampliaron los juegos infantiles y se reconstruy\u00f3 el gimnasio urbano con nuevos aparatos para la actividad f\u00edsica.<\/p>\n\n\n\n<p>Los trabajos incluyeron adem\u00e1s nuevas caminer\u00edas, una zona destinada a actos institucionales del barrio, tareas de reforestaci\u00f3n y la reconstrucci\u00f3n de las veredas del parque sobre calle Alberro. La intervenci\u00f3n se complet\u00f3 con la renovaci\u00f3n de la iluminaci\u00f3n mediante tecnolog\u00eda LED en las distintas canchas y en el parque en general, generando mejores condiciones de uso y seguridad.<\/p>\n\n\n\n<p>En materia de accesibilidad y conectividad, se ejecutaron nuevas rampas en el cruce de avenida Vespucio y calle Alberro y se paviment\u00f3 calle Pablo Arroyo, entre Alberro y Gobernador Tello. El nuevo estadio social \u201cReconquista de Jujuy\u201d fue construido con una cancha de hockey de c\u00e9sped sint\u00e9tico de \u00faltima generaci\u00f3n y de primera marca, respetando las medidas reglamentarias establecidas por la Confederaci\u00f3n Argentina de Hockey: 55 metros por 91,40 metros. El campo deportivo cuenta con demarcaci\u00f3n reglamentaria y arcos oficiales, adem\u00e1s de un sistema de iluminaci\u00f3n LED perimetral compuesto por 64 reflectores de 300 watts, permitiendo desarrollar actividades deportivas tambi\u00e9n durante la noche.<\/p>\n\n\n\n<p>La infraestructura dispone de un tanteador electr\u00f3nico profesional, bancos de suplentes para equipos locales y visitantes con capacidad para 12 jugadores cada uno y banco para tres jueces. El complejo cuenta adem\u00e1s con ba\u00f1os y vestuarios para locales y visitantes, ba\u00f1o adaptado para personas usuarias de silla de ruedas, oficina de administraci\u00f3n, sala de profesores y dep\u00f3sitos. El predio incorpora dos m\u00f3dulos de tribunas en grader\u00edas, con capacidad aproximada para 250 espectadores, adem\u00e1s de un cerramiento integral e iluminaci\u00f3n LED general para reforzar las condiciones de seguridad.<\/p>\n\n\n\n<p>La elecci\u00f3n del nombre \u201cReconquista de Jujuy\u201d para el nuevo estadio tiene adem\u00e1s un profundo significado hist\u00f3rico. La denominaci\u00f3n recuerda el 21 de marzo de 1813, fecha en la que el general Manuel Belgrano, al frente del Ej\u00e9rcito Patriota, recuper\u00f3 Jujuy tras las victorias obtenidas en las batallas de Tucum\u00e1n y Salta, completando el proceso iniciado con el \u00c9xodo Juje\u00f1o.<\/p>\n\n\n\n<p>El presidente del Concejo Deliberante capitalino, Gast\u00f3n Mill\u00f3n, destac\u00f3 el valor simb\u00f3lico de la denominaci\u00f3n y se\u00f1al\u00f3 que \u201cel c\u00edrculo del \u00c9xodo Juje\u00f1o se cierra con la Reconquista\u201d, en referencia al regreso del pueblo juje\u00f1o a la ciudad. Asimismo, valor\u00f3 el trabajo articulado entre la Municipalidad y la Provincia para concretar una infraestructura deportiva que permitir\u00e1 transformar y potenciar el Parque Alberdi.<\/p>\n\n\n\n<p>Mill\u00f3n tambi\u00e9n destac\u00f3 que la incorporaci\u00f3n del estadio permiti\u00f3 diversificar la oferta deportiva del sector sin desplazar otras disciplinas. \u201cEn este caso, es un sector del Parque Alberdi al cual no se le encontraba la vuelta para potenciar las canchas que ten\u00edamos y finalmente, con esto, se logr\u00f3 porque no signific\u00f3 sacar el f\u00fatbol, sino que las canchas est\u00e1n a un costado\u201d, explic\u00f3.<\/p>\n\n\n\n<p>Por su parte, el secretario de Desarrollo Humano, Gustavo Muro, destac\u00f3 el valor estrat\u00e9gico de la obra y calific\u00f3 al intendente Jorge como un dirigente \u201cvisionario\u201d. \u201cEs fundamental ver hecho realidad este estadio de primer nivel para que se desarrolle el Hockey en San Salvador de Jujuy\u201d, sostuvo.<\/p>\n\n\n\n<p>Muro reconoci\u00f3 especialmente el trabajo de las secretar\u00edas de Obras P\u00fablicas y Servicios P\u00fablicos y la dedicaci\u00f3n de las empresas involucradas en el proyecto. Tambi\u00e9n remarc\u00f3 que la generaci\u00f3n de infraestructura deportiva, polideportivos y espacios culturales constituye una pol\u00edtica sostenida del Municipio para acompa\u00f1ar el crecimiento de los distintos barrios.<\/p>\n\n\n\n<p>\u201cLa Muni, desde que ha vuelto la democracia, ha puesto el \u00e9nfasis en generar espacios y generar polideportivos y centros culturales por toda la ciudad\u201d, afirm\u00f3. En esa l\u00ednea, consider\u00f3 que el deporte y los espacios saludables constituyen herramientas fundamentales para acompa\u00f1ar el crecimiento de ni\u00f1os y j\u00f3venes, ofreciendo alternativas de recreaci\u00f3n, encuentro y formaci\u00f3n.<\/p>\n\n\n\n<p>El acto cont\u00f3 con la presencia del gobernador Carlos Sadir, el ministro de Gobierno, Justicia, Derechos Humanos y Trabajo, Normando \u00c1lvarez Garc\u00eda; diputados provinciales; concejales capitalinos y funcionarios del Ejecutivo municipal, entre ellos el secretario de Obras P\u00fablicas, Aldo Montiel; el secretario de Servicios P\u00fablicos, Guillermo Marenco; y la secretaria de Planificaci\u00f3n y Ambiente, Adriana D\u00edaz.<\/p>\n","protected":false},"excerpt":{"rendered":"<p>El intendente de San Salvador de Jujuy, Ra\u00fal \u201cChuli\u201d Jorge, acompa\u00f1ado por el gobernador de la Provincia, Carlos Sadir, dej\u00f3 inaugurado en el barrio Alberdi el estadio social de hockey \u201cReconquista de Jujuy\u201d, la primera cancha municipal de esta disciplina en la ciudad. El nuevo espacio cuenta con una cancha de c\u00e9sped sint\u00e9tico de \u00faltima [&hellip;]<\/p>\n","protected":false},"author":49,"featured_media":447015,"comment_status":"open","ping_status":"open","sticky":false,"template":"","format":"standard","meta":{"_stopmodifiedupdate":false,"_modified_date":"","inline_featured_image":false},"categories":[2,7,514],"tags":[],"jetpack_featured_media_url":"https:\/\/notinor.com\/jujuy\/wp-content\/uploads\/2026\/09\/inauguracion-cancha-Hockey.jpg","_links":{"self":[{"href":"https:\/\/notinor.com\/jujuy\/wp-json\/wp\/v2\/posts\/447014"}],"collection":[{"href":"https:\/\/notinor.com\/jujuy\/wp-json\/wp\/v2\/posts"}],"about":[{"href":"https:\/\/notinor.com\/jujuy\/wp-json\/wp\/v2\/types\/post"}],"author":[{"embeddable":true,"href":"https:\/\/notinor.com\/jujuy\/wp-json\/wp\/v2\/users\/49"}],"replies":[{"embeddable":true,"href":"https:\/\/notinor.com\/jujuy\/wp-json\/wp\/v2\/comments?post=447014"}],"version-history":[{"count":2,"href":"https:\/\/notinor.com\/jujuy\/wp-json\/wp\/v2\/posts\/447014\/revisions"}],"predecessor-version":[{"id":447017,"href":"https:\/\/notinor.com\/jujuy\/wp-json\/wp\/v2\/posts\/447014\/revisions\/447017"}],"wp:featuredmedia":[{"embeddable":true,"href":"https:\/\/notinor.com\/jujuy\/wp-json\/wp\/v2\/media\/447015"}],"wp:attachment":[{"href":"https:\/\/notinor.com\/jujuy\/wp-json\/wp\/v2\/media?parent=447014"}],"wp:term":[{"taxonomy":"category","embeddable":true,"href":"https:\/\/notinor.com\/jujuy\/wp-json\/wp\/v2\/categories?post=447014"},{"taxonomy":"post_tag","embeddable":true,"href":"https:\/\/notinor.com\/jujuy\/wp-json\/wp\/v2\/tags?post=447014"}],"curies":[{"name":"wp","href":"https:\/\/api.w.org\/{rel}","templated":true}]}}