{"id":447006,"date":"2026-09-05T21:06:00","date_gmt":"2026-09-06T00:06:00","guid":{"rendered":"https:\/\/notinor.com\/jujuy\/?p=447006"},"modified":"2026-09-05T21:06:00","modified_gmt":"2026-09-05T21:06:00","slug":"los-dias-domingo-y-lunes-ejesa-realizara-tareas-programadas-para-mejoras-en-el-servicio-electrico-en-san-pedro-san-salvador-perico-y-huacalera","status":"publish","type":"post","link":"https:\/\/notinor.com\/jujuy\/los-dias-domingo-y-lunes-ejesa-realizara-tareas-programadas-para-mejoras-en-el-servicio-electrico-en-san-pedro-san-salvador-perico-y-huacalera\/","title":{"rendered":"Los d\u00edas domingo y lunes EJESA realizar\u00e1 tareas programadas para mejoras en el servicio el\u00e9ctrico en San Pedro, San Salvador, Perico y Huacalera"},"content":{"rendered":"\n<p class=\"has-medium-font-size\"><strong><em>Les informamos que, con el objetivo de\u00a0elevar la calidad del servicio el\u00e9ctrico, se llevar\u00e1n adelante\u00a0tareas programadas de mantenimiento y mejoras destinadas a fortalecer la calidad y confiabilidad del servicio el\u00e9ctrico. Para su correcta ejecuci\u00f3n, ser\u00e1 necesario realizar\u00a0una interrupci\u00f3n programada del suministro\u00a0en las siguientes zonas y horarios:<\/em><\/strong><\/p>\n\n\n\n<p><\/p>\n\n\n<div class=\"wp-block-image\">\n<figure class=\"aligncenter size-full\"><img decoding=\"async\" loading=\"lazy\" width=\"800\" height=\"450\" src=\"https:\/\/notinor.com\/jujuy\/wp-content\/uploads\/2023\/05\/corte-de-luz-1.jpeg\" alt=\"\" class=\"wp-image-379516\" srcset=\"https:\/\/notinor.com\/jujuy\/wp-content\/uploads\/2023\/05\/corte-de-luz-1.jpeg 800w, https:\/\/notinor.com\/jujuy\/wp-content\/uploads\/2023\/05\/corte-de-luz-1-649x365.jpeg 649w, https:\/\/notinor.com\/jujuy\/wp-content\/uploads\/2023\/05\/corte-de-luz-1-500x280.jpeg 500w, https:\/\/notinor.com\/jujuy\/wp-content\/uploads\/2023\/05\/corte-de-luz-1-768x432.jpeg 768w, https:\/\/notinor.com\/jujuy\/wp-content\/uploads\/2023\/05\/corte-de-luz-1-750x422.jpeg 750w\" sizes=\"(max-width: 800px) 100vw, 800px\" \/><\/figure><\/div>\n\n\n<p><\/p>\n\n\n\n<p><strong>\ud83d\udcc5 DOMINGO 06 de Septiembre 2026<\/strong><\/p>\n\n\n\n<p>\ud83d\udccdSAN PEDRO: B\u00b0 Centro (entre calles Miguel Araoz, Rogelio Leachs, Sarmiento, Velez Sarsfield) y zonas aleda\u00f1as.<\/p>\n\n\n\n<p>\ud83d\udd50 Horario estimado: de 09:00 a 11:30 Hs. aproximadamente.<\/p>\n\n\n\n<p>\ud83d\udccdSAN SALVADOR DE JUJUY: B\u00b0 Gorriti (entre calles R. de L\u00edbano, L. de la Torre, Uriondo, Av. Exodo, Av. Pueyrred\u00f3n, H. Wast, Av. La Bandera, L.N. Alem) y zonas aleda\u00f1as.<\/p>\n\n\n\n<p>\ud83d\udd50 Horario estimado: de 08:00 a 13:00 Hs. aproximadamente.<\/p>\n\n\n\n<p><\/p>\n\n\n\n<p><strong>\ud83d\udcc5 LUNES 07 de Septiembre 2026<\/strong><\/p>\n\n\n\n<p>\ud83d\udccdPERICO: Las Pampitas y zonas aleda\u00f1as.<\/p>\n\n\n\n<p>\ud83d\udd50 Horario estimado: de 09:00 a 14:00 Hs. aproximadamente.<\/p>\n\n\n\n<p>\ud83d\udccdHUACALERA: Huacalera, Villa El Perchel, Colonia San Jose, La Huerta, Yacoraite Sur y zonas aleda\u00f1as.<\/p>\n\n\n\n<p>\ud83d\udd50 Horario estimado: de 10:00 a 13:00 Hs. aproximadamente.<\/p>\n\n\n\n<p><\/p>\n\n\n<div class=\"wp-block-image\">\n<figure class=\"aligncenter size-large\"><img decoding=\"async\" loading=\"lazy\" width=\"384\" height=\"480\" src=\"https:\/\/notinor.com\/jujuy\/wp-content\/uploads\/2026\/09\/ejesa-1-384x480.jpg\" alt=\"\" class=\"wp-image-447012\" srcset=\"https:\/\/notinor.com\/jujuy\/wp-content\/uploads\/2026\/09\/ejesa-1-384x480.jpg 384w, https:\/\/notinor.com\/jujuy\/wp-content\/uploads\/2026\/09\/ejesa-1-292x365.jpg 292w, https:\/\/notinor.com\/jujuy\/wp-content\/uploads\/2026\/09\/ejesa-1-768x960.jpg 768w, https:\/\/notinor.com\/jujuy\/wp-content\/uploads\/2026\/09\/ejesa-1-750x938.jpg 750w, https:\/\/notinor.com\/jujuy\/wp-content\/uploads\/2026\/09\/ejesa-1.jpg 1080w\" sizes=\"(max-width: 384px) 100vw, 384px\" \/><\/figure><\/div>\n\n<div class=\"wp-block-image\">\n<figure class=\"aligncenter size-large\"><img decoding=\"async\" loading=\"lazy\" width=\"384\" height=\"480\" src=\"https:\/\/notinor.com\/jujuy\/wp-content\/uploads\/2026\/09\/ejesa-2-384x480.jpg\" alt=\"\" class=\"wp-image-447011\" srcset=\"https:\/\/notinor.com\/jujuy\/wp-content\/uploads\/2026\/09\/ejesa-2-384x480.jpg 384w, https:\/\/notinor.com\/jujuy\/wp-content\/uploads\/2026\/09\/ejesa-2-292x365.jpg 292w, https:\/\/notinor.com\/jujuy\/wp-content\/uploads\/2026\/09\/ejesa-2-768x960.jpg 768w, https:\/\/notinor.com\/jujuy\/wp-content\/uploads\/2026\/09\/ejesa-2-750x938.jpg 750w, https:\/\/notinor.com\/jujuy\/wp-content\/uploads\/2026\/09\/ejesa-2.jpg 1080w\" sizes=\"(max-width: 384px) 100vw, 384px\" \/><\/figure><\/div>\n\n<div class=\"wp-block-image\">\n<figure class=\"aligncenter size-large\"><img decoding=\"async\" loading=\"lazy\" width=\"384\" height=\"480\" src=\"https:\/\/notinor.com\/jujuy\/wp-content\/uploads\/2026\/09\/ejesa-3-384x480.jpg\" alt=\"\" class=\"wp-image-447010\" srcset=\"https:\/\/notinor.com\/jujuy\/wp-content\/uploads\/2026\/09\/ejesa-3-384x480.jpg 384w, https:\/\/notinor.com\/jujuy\/wp-content\/uploads\/2026\/09\/ejesa-3-292x365.jpg 292w, https:\/\/notinor.com\/jujuy\/wp-content\/uploads\/2026\/09\/ejesa-3-768x960.jpg 768w, https:\/\/notinor.com\/jujuy\/wp-content\/uploads\/2026\/09\/ejesa-3-750x938.jpg 750w, https:\/\/notinor.com\/jujuy\/wp-content\/uploads\/2026\/09\/ejesa-3.jpg 1080w\" sizes=\"(max-width: 384px) 100vw, 384px\" \/><\/figure><\/div>\n\n<div class=\"wp-block-image\">\n<figure class=\"aligncenter size-large\"><img decoding=\"async\" loading=\"lazy\" width=\"384\" height=\"480\" src=\"https:\/\/notinor.com\/jujuy\/wp-content\/uploads\/2026\/09\/ejesa-4-384x480.jpg\" alt=\"\" class=\"wp-image-447009\" srcset=\"https:\/\/notinor.com\/jujuy\/wp-content\/uploads\/2026\/09\/ejesa-4-384x480.jpg 384w, https:\/\/notinor.com\/jujuy\/wp-content\/uploads\/2026\/09\/ejesa-4-292x365.jpg 292w, https:\/\/notinor.com\/jujuy\/wp-content\/uploads\/2026\/09\/ejesa-4-768x960.jpg 768w, https:\/\/notinor.com\/jujuy\/wp-content\/uploads\/2026\/09\/ejesa-4-750x938.jpg 750w, https:\/\/notinor.com\/jujuy\/wp-content\/uploads\/2026\/09\/ejesa-4.jpg 1080w\" sizes=\"(max-width: 384px) 100vw, 384px\" \/><\/figure><\/div>\n\n<div class=\"wp-block-image\">\n<figure class=\"aligncenter size-large\"><img decoding=\"async\" loading=\"lazy\" width=\"384\" height=\"480\" src=\"https:\/\/notinor.com\/jujuy\/wp-content\/uploads\/2026\/09\/ejesa-5-384x480.jpg\" alt=\"\" class=\"wp-image-447008\" srcset=\"https:\/\/notinor.com\/jujuy\/wp-content\/uploads\/2026\/09\/ejesa-5-384x480.jpg 384w, https:\/\/notinor.com\/jujuy\/wp-content\/uploads\/2026\/09\/ejesa-5-292x365.jpg 292w, https:\/\/notinor.com\/jujuy\/wp-content\/uploads\/2026\/09\/ejesa-5-768x960.jpg 768w, https:\/\/notinor.com\/jujuy\/wp-content\/uploads\/2026\/09\/ejesa-5-750x938.jpg 750w, https:\/\/notinor.com\/jujuy\/wp-content\/uploads\/2026\/09\/ejesa-5.jpg 1080w\" sizes=\"(max-width: 384px) 100vw, 384px\" \/><\/figure><\/div>\n\n<div class=\"wp-block-image\">\n<figure class=\"aligncenter size-large\"><img decoding=\"async\" loading=\"lazy\" width=\"384\" height=\"480\" src=\"https:\/\/notinor.com\/jujuy\/wp-content\/uploads\/2026\/09\/ejesa-6-384x480.jpg\" alt=\"\" class=\"wp-image-447007\" srcset=\"https:\/\/notinor.com\/jujuy\/wp-content\/uploads\/2026\/09\/ejesa-6-384x480.jpg 384w, https:\/\/notinor.com\/jujuy\/wp-content\/uploads\/2026\/09\/ejesa-6-292x365.jpg 292w, https:\/\/notinor.com\/jujuy\/wp-content\/uploads\/2026\/09\/ejesa-6-768x960.jpg 768w, https:\/\/notinor.com\/jujuy\/wp-content\/uploads\/2026\/09\/ejesa-6-750x938.jpg 750w, https:\/\/notinor.com\/jujuy\/wp-content\/uploads\/2026\/09\/ejesa-6.jpg 1080w\" sizes=\"(max-width: 384px) 100vw, 384px\" \/><\/figure><\/div>","protected":false},"excerpt":{"rendered":"<p>Les informamos que, con el objetivo de\u00a0elevar la calidad del servicio el\u00e9ctrico, se llevar\u00e1n adelante\u00a0tareas programadas de mantenimiento y mejoras destinadas a fortalecer la calidad y confiabilidad del servicio el\u00e9ctrico. Para su correcta ejecuci\u00f3n, ser\u00e1 necesario realizar\u00a0una interrupci\u00f3n programada del suministro\u00a0en las siguientes zonas y horarios: \ud83d\udcc5 DOMINGO 06 de Septiembre 2026 \ud83d\udccdSAN PEDRO: B\u00b0 [&hellip;]<\/p>\n","protected":false},"author":49,"featured_media":386116,"comment_status":"open","ping_status":"open","sticky":false,"template":"","format":"standard","meta":{"_stopmodifiedupdate":false,"_modified_date":"","inline_featured_image":false},"categories":[2,4,514],"tags":[],"jetpack_featured_media_url":"https:\/\/notinor.com\/jujuy\/wp-content\/uploads\/2023\/07\/corte-de-luz-1.jpeg","_links":{"self":[{"href":"https:\/\/notinor.com\/jujuy\/wp-json\/wp\/v2\/posts\/447006"}],"collection":[{"href":"https:\/\/notinor.com\/jujuy\/wp-json\/wp\/v2\/posts"}],"about":[{"href":"https:\/\/notinor.com\/jujuy\/wp-json\/wp\/v2\/types\/post"}],"author":[{"embeddable":true,"href":"https:\/\/notinor.com\/jujuy\/wp-json\/wp\/v2\/users\/49"}],"replies":[{"embeddable":true,"href":"https:\/\/notinor.com\/jujuy\/wp-json\/wp\/v2\/comments?post=447006"}],"version-history":[{"count":1,"href":"https:\/\/notinor.com\/jujuy\/wp-json\/wp\/v2\/posts\/447006\/revisions"}],"predecessor-version":[{"id":447013,"href":"https:\/\/notinor.com\/jujuy\/wp-json\/wp\/v2\/posts\/447006\/revisions\/447013"}],"wp:featuredmedia":[{"embeddable":true,"href":"https:\/\/notinor.com\/jujuy\/wp-json\/wp\/v2\/media\/386116"}],"wp:attachment":[{"href":"https:\/\/notinor.com\/jujuy\/wp-json\/wp\/v2\/media?parent=447006"}],"wp:term":[{"taxonomy":"category","embeddable":true,"href":"https:\/\/notinor.com\/jujuy\/wp-json\/wp\/v2\/categories?post=447006"},{"taxonomy":"post_tag","embeddable":true,"href":"https:\/\/notinor.com\/jujuy\/wp-json\/wp\/v2\/tags?post=447006"}],"curies":[{"name":"wp","href":"https:\/\/api.w.org\/{rel}","templated":true}]}}