{"id":446994,"date":"2026-09-04T20:36:00","date_gmt":"2026-09-04T23:36:00","guid":{"rendered":"https:\/\/notinor.com\/jujuy\/?p=446994"},"modified":"2026-09-04T20:36:00","modified_gmt":"2026-09-04T20:36:00","slug":"el-intendente-jorge-destaco-la-incorporacion-de-cinco-camionetas-0km-para-reforzar-el-trabajo-territorial","status":"publish","type":"post","link":"https:\/\/notinor.com\/jujuy\/el-intendente-jorge-destaco-la-incorporacion-de-cinco-camionetas-0km-para-reforzar-el-trabajo-territorial\/","title":{"rendered":"El intendente Jorge destac\u00f3 la incorporaci\u00f3n de cinco camionetas 0KM para reforzar el trabajo territorial"},"content":{"rendered":"\n<p class=\"has-medium-font-size\"><strong><em>En el marco del proceso de renovaci\u00f3n y fortalecimiento del parque automotor municipal, la Municipalidad de San Salvador de Jujuy incorpor\u00f3 cinco camionetas 0KM que ser\u00e1n destinadas a distintas \u00e1reas y delegaciones, permitiendo optimizar las tareas operativas y mejorar la atenci\u00f3n a los vecinos en distintos sectores de la ciudad.<\/em><\/strong><\/p>\n\n\n\n<p><\/p>\n\n\n<div class=\"wp-block-image\">\n<figure class=\"aligncenter size-full\"><img decoding=\"async\" loading=\"lazy\" width=\"800\" height=\"450\" src=\"https:\/\/notinor.com\/jujuy\/wp-content\/uploads\/2026\/09\/presentacion-camionetas.jpg\" alt=\"\" class=\"wp-image-446995\" srcset=\"https:\/\/notinor.com\/jujuy\/wp-content\/uploads\/2026\/09\/presentacion-camionetas.jpg 800w, https:\/\/notinor.com\/jujuy\/wp-content\/uploads\/2026\/09\/presentacion-camionetas-649x365.jpg 649w, https:\/\/notinor.com\/jujuy\/wp-content\/uploads\/2026\/09\/presentacion-camionetas-500x280.jpg 500w, https:\/\/notinor.com\/jujuy\/wp-content\/uploads\/2026\/09\/presentacion-camionetas-768x432.jpg 768w, https:\/\/notinor.com\/jujuy\/wp-content\/uploads\/2026\/09\/presentacion-camionetas-750x422.jpg 750w\" sizes=\"(max-width: 800px) 100vw, 800px\" \/><\/figure><\/div>\n\n\n<p><\/p>\n\n\n\n<p>El intendente Ra\u00fal \u201cChuli\u201d Jorge destac\u00f3 la importancia de continuar equipando al Municipio para garantizar una mayor eficiencia en la prestaci\u00f3n de los servicios. En este sentido, se\u00f1al\u00f3, \u201cequipar el municipio es una de las responsabilidades que tenemos para ser m\u00e1s eficientes con todas las tareas de servicios y cumplir con los vecinos. En este caso son cinco camionetas para las distintas \u00e1reas, cubrir\u00e1n desde la Delegaci\u00f3n Municipal de Villa Jard\u00edn de Reyes, hasta la Delegaci\u00f3n Municipal de Alto Comedero y distintas direcciones como Espacios P\u00fablicos y la Secretar\u00eda de Desarrollo Humano\u201d.<\/p>\n\n\n\n<p>Asimismo, el jefe comunal remarc\u00f3 que la incorporaci\u00f3n de nuevos veh\u00edculos permitir\u00e1 ampliar la capacidad de trabajo y fortalecer la presencia territorial del Municipio, \u201ctodo esto tiene que ver con mejorar prestaciones, mejorar servicios, tener m\u00e1s posibilidades de estar las 24 horas con los vecinos\u201d, afirm\u00f3.<\/p>\n\n\n\n<p>Por su parte, la secretaria de Hacienda, Agustina Apaza, explic\u00f3 que la adquisici\u00f3n forma parte de una pol\u00edtica sostenida de inversi\u00f3n destinada a dotar de herramientas y recursos a las diferentes \u00e1reas municipales, \u201cla idea siempre es poder ir equipando al municipio, dotar de herramientas y recursos a las distintas direcciones para que funcionen mejor, para que puedan trabajar de forma m\u00e1s eficiente y para poder seguir llegando a toda la ciudad, a todos los barrios\u201d, sostuvo.<\/p>\n\n\n\n<p>En esa l\u00ednea, Apaza adelant\u00f3 que la renovaci\u00f3n del parque automotor continuar\u00e1 con la incorporaci\u00f3n de nuevos veh\u00edculos destinados a \u00e1reas que requieren movilidad permanente para desarrollar sus tareas, \u201cahora se est\u00e1n entregando cinco camionetas y tambi\u00e9n se vienen autom\u00f3viles utilitarios que ser\u00e1n para el \u00e1rea de Salud, para Zoonosis y para la Direcci\u00f3n de Rentas, para que puedan seguir recorriendo los barrios, cada uno en su actividad\u201d, detall\u00f3.<\/p>\n","protected":false},"excerpt":{"rendered":"<p>En el marco del proceso de renovaci\u00f3n y fortalecimiento del parque automotor municipal, la Municipalidad de San Salvador de Jujuy incorpor\u00f3 cinco camionetas 0KM que ser\u00e1n destinadas a distintas \u00e1reas y delegaciones, permitiendo optimizar las tareas operativas y mejorar la atenci\u00f3n a los vecinos en distintos sectores de la ciudad. El intendente Ra\u00fal \u201cChuli\u201d Jorge [&hellip;]<\/p>\n","protected":false},"author":49,"featured_media":446995,"comment_status":"open","ping_status":"open","sticky":false,"template":"","format":"standard","meta":{"_stopmodifiedupdate":false,"_modified_date":"","inline_featured_image":false},"categories":[2,514],"tags":[],"jetpack_featured_media_url":"https:\/\/notinor.com\/jujuy\/wp-content\/uploads\/2026\/09\/presentacion-camionetas.jpg","_links":{"self":[{"href":"https:\/\/notinor.com\/jujuy\/wp-json\/wp\/v2\/posts\/446994"}],"collection":[{"href":"https:\/\/notinor.com\/jujuy\/wp-json\/wp\/v2\/posts"}],"about":[{"href":"https:\/\/notinor.com\/jujuy\/wp-json\/wp\/v2\/types\/post"}],"author":[{"embeddable":true,"href":"https:\/\/notinor.com\/jujuy\/wp-json\/wp\/v2\/users\/49"}],"replies":[{"embeddable":true,"href":"https:\/\/notinor.com\/jujuy\/wp-json\/wp\/v2\/comments?post=446994"}],"version-history":[{"count":1,"href":"https:\/\/notinor.com\/jujuy\/wp-json\/wp\/v2\/posts\/446994\/revisions"}],"predecessor-version":[{"id":446996,"href":"https:\/\/notinor.com\/jujuy\/wp-json\/wp\/v2\/posts\/446994\/revisions\/446996"}],"wp:featuredmedia":[{"embeddable":true,"href":"https:\/\/notinor.com\/jujuy\/wp-json\/wp\/v2\/media\/446995"}],"wp:attachment":[{"href":"https:\/\/notinor.com\/jujuy\/wp-json\/wp\/v2\/media?parent=446994"}],"wp:term":[{"taxonomy":"category","embeddable":true,"href":"https:\/\/notinor.com\/jujuy\/wp-json\/wp\/v2\/categories?post=446994"},{"taxonomy":"post_tag","embeddable":true,"href":"https:\/\/notinor.com\/jujuy\/wp-json\/wp\/v2\/tags?post=446994"}],"curies":[{"name":"wp","href":"https:\/\/api.w.org\/{rel}","templated":true}]}}